{"id":9371,"date":"2009-12-13T19:00:00","date_gmt":"2009-12-13T19:00:00","guid":{"rendered":"https:\/\/aja.pt\/wp\/?p=9371"},"modified":"2021-12-17T11:38:33","modified_gmt":"2021-12-17T11:38:33","slug":"zeca-afonso-acabou-com-programa-de-radio","status":"publish","type":"post","link":"https:\/\/aja.pt\/en\/zeca-afonso-acabou-com-programa-de-radio\/","title":{"rendered":"&#8220;Zeca Afonso acabou com programa de r\u00e1dio&#8221;"},"content":{"rendered":"<div style=\"text-align: justify;\">Durante a minha perman\u00eancia em Luanda tamb\u00e9m fiz r\u00e1dio numa emissora regional da R\u00e1dio Oficial de Angola. Eu, o alferes Amaral e o furriel Valente faz\u00edamos um programa duas vezes por semana. Chamava-se \u2018Mosaico\u2019. O nome foi escolhido pelo comandante. Pass\u00e1vamos m\u00fasica e faz\u00edamos artigos sobre cinema e m\u00fasica. Os discos eram emprestados por militares ou por uma loja que vendia um pouco de tudo.<\/div>\n<div style=\"text-align: justify;\"><\/div>\n<div style=\"text-align: justify;\">Entre outras, pass\u00e1vamos m\u00fasica de Zeca Afonso. Nunca ningu\u00e9m nos disse que era proibido. Mas, passado um tempo, apareceu l\u00e1 um fulano que exigiu ver os artigos que t\u00ednhamos para ler no programa. Come\u00e7ou a fazer emendas, mas dava mais erros gramaticais do que n\u00f3s. Quando come\u00e7ou o programa s\u00f3 pusemos m\u00fasica. N\u00e3o lemos os artigos e no final anunci\u00e1mos que tinha sido o \u00faltimo programa. Ele n\u00e3o disse nada, mas todos sab\u00edamos que tinha ido at\u00e9 ali por causa do Zeca Afonso.<\/div>\n<div style=\"text-align: justify;\"><\/div>\n<p><a href=\"http:\/\/www.correiomanha.pt\/Enviar.aspx?channelid=00000019-0000-0000-0000-000000000019&amp;contentid=50A74CD9-1A15-4C25-A899-1615E6B4E36A\">Artigo completo no Correio da Manh\u00e3<\/a><\/p>\n","protected":false},"excerpt":{"rendered":"<p>Durante a minha perman\u00eancia em Luanda tamb\u00e9m fiz r\u00e1dio numa emissora regional da R\u00e1dio Oficial de Angola. Eu, o alferes Amaral e o furriel Valente faz\u00edamos um programa duas vezes por semana. Chamava-se \u2018Mosaico\u2019. O nome foi escolhido pelo comandante. Pass\u00e1vamos m\u00fasica e faz\u00edamos artigos sobre cinema e m\u00fasica. Os discos eram emprestados por militares [&hellip;]<\/p>\n","protected":false},"author":5,"featured_media":0,"comment_status":"open","ping_status":"open","sticky":false,"template":"","format":"standard","meta":[],"categories":[91,77],"tags":[],"_links":{"self":[{"href":"https:\/\/aja.pt\/en\/wp-json\/wp\/v2\/posts\/9371"}],"collection":[{"href":"https:\/\/aja.pt\/en\/wp-json\/wp\/v2\/posts"}],"about":[{"href":"https:\/\/aja.pt\/en\/wp-json\/wp\/v2\/types\/post"}],"author":[{"embeddable":true,"href":"https:\/\/aja.pt\/en\/wp-json\/wp\/v2\/users\/5"}],"replies":[{"embeddable":true,"href":"https:\/\/aja.pt\/en\/wp-json\/wp\/v2\/comments?post=9371"}],"version-history":[{"count":0,"href":"https:\/\/aja.pt\/en\/wp-json\/wp\/v2\/posts\/9371\/revisions"}],"wp:attachment":[{"href":"https:\/\/aja.pt\/en\/wp-json\/wp\/v2\/media?parent=9371"}],"wp:term":[{"taxonomy":"category","embeddable":true,"href":"https:\/\/aja.pt\/en\/wp-json\/wp\/v2\/categories?post=9371"},{"taxonomy":"post_tag","embeddable":true,"href":"https:\/\/aja.pt\/en\/wp-json\/wp\/v2\/tags?post=9371"}],"curies":[{"name":"wp","href":"https:\/\/api.w.org\/{rel}","templated":true}]}}