{"id":9291,"date":"2009-11-04T11:43:00","date_gmt":"2009-11-04T11:43:00","guid":{"rendered":"https:\/\/aja.pt\/wp\/?p=9291"},"modified":"2021-12-17T11:38:34","modified_gmt":"2021-12-17T11:38:34","slug":"lena-afonso-entrevistada-na-catalunha-aquando-da-entrega-do-premio-liberpress-2009-a-jose-afonso-em-outubro","status":"publish","type":"post","link":"https:\/\/aja.pt\/en\/lena-afonso-entrevistada-na-catalunha-aquando-da-entrega-do-premio-liberpress-2009-a-jose-afonso-em-outubro\/","title":{"rendered":"Lena Afonso entrevistada na Catalunha, aquando da entrega do pr\u00e9mio Liberpress 2009 a Jos\u00e9 Afonso, em Outubro"},"content":{"rendered":"<p><a href=\"http:\/\/2.bp.blogspot.com\/_uSakL4fZ7Cs\/SvFpnJyu_lI\/AAAAAAAAA0s\/jsutX8XTB4E\/s1600-h\/Helena+Afonso.jpg\" onblur=\"try {parent.deselectBloggerImageGracefully();} catch(e) {}\"><img alt=\"\" border=\"0\" id=\"BLOGGER_PHOTO_ID_5400213549558464082\" src=\"http:\/\/2.bp.blogspot.com\/_uSakL4fZ7Cs\/SvFpnJyu_lI\/AAAAAAAAA0s\/jsutX8XTB4E\/s200\/Helena+Afonso.jpg\" style=\"cursor: hand; cursor: pointer; display: block; height: 200px; margin: 0px auto 10px; text-align: center; width: 150px;\" \/><\/a><i><b>\u00abZeca simbolitza els valors de l&#8217;humanisme i dels drets humans\u00bb<br \/><\/b><\/i><br \/>Ha recollit a Girona el premi Memorial LiberPress, atorgat al seu pare per la seva infatigable lluita per la democr\u00e0cia, la llibertat i la solidaritat, uns valors que ella enriqueix amb un tena\u00e7 combat contra la mediocritat cultural<\/p>\n<div><\/p>\n<div style=\"text-align: justify;\"><b>Considera que els valors destacats per l&#8217;associaci\u00f3 LiberPress reflecteixen la traject\u00f2ria de Zeca Afonso?<\/b><\/div>\n<div style=\"text-align: justify;\">\u2013\u00abDel tot. A Girona m&#8217;he sentit una vegada m\u00e9s molt orgullosa del reconeixement que se li ha fet al meu pare, el qual compartia amb tots els homenatjats (el ling\u00fcista Mark Abley, el cineasta Giuliano Montaldo, l&#8217;humorista Fer, els cantants Luis Eduardo Aute i Jos\u00e9 Antonio Labordeta, i l&#8217;escriptor Tom Sharpe) un esmolat esperit de lluita contra els sistemes repressius i a favor de la llibertat. Zeca era sobretot un humanista conven\u00e7ut, un defensor de la igualtat, la solidaritat i la cultura com a factor d&#8217;alliberament, i s&#8217;hauria sentit molt content d&#8217;un premi que li arriba des d&#8217;una associaci\u00f3 sense \u00e0nim de lucre que promou la cultura de la solidaritat.\u00bb<\/div>\n<div style=\"text-align: justify;\"><\/div>\n<div style=\"text-align: justify;\"><b>\u2013Part de la seva consci\u00e8ncia pol\u00edtica va n\u00e9ixer durant la seva estada a Angola i Mo\u00e7ambic?<\/b><\/div>\n<div style=\"text-align: justify;\">\u2013\u00abS\u00ed, all\u00e0 va con\u00e8ixer una realitat molt dura, la part m\u00e9s brutal de la dictadura portuguesa, que ocupava militarment Cap Verd, Guinea, Angola i Mo\u00e7ambic. Als anys seixanta va esclatar amb for\u00e7a la lluita anticolonial i ell va anar radicalitzant la seva posici\u00f3, veient com els fills de les fam\u00edlies m\u00e9s pobres eren enviats a l&#8217;\u00c0frica a fer la guerra contra un poble que vivia en condicions d&#8217;absoluta explotaci\u00f3. Per\u00f2 per a Zeca \u00c0frica no va ser nom\u00e9s una escola de refor\u00e7ament ideol\u00f2gic sin\u00f3 tamb\u00e9 una font important\u00edssima d&#8217;inspiraci\u00f3 musical, com valoren els estudiosos de la seva obra.\u00bb<\/div>\n<p><a href=\"http:\/\/www.elpunt.cat\/noticia\/article\/5-cultura\/19-cultura\/99322-lzeca-simbolitza-els-valors-de-lhumanisme-i-dels-drets-humansr.html\"><b>Continuar ler<\/b><\/a><\/div>\n","protected":false},"excerpt":{"rendered":"<p>\u00abZeca simbolitza els valors de l&#8217;humanisme i dels drets humans\u00bbHa recollit a Girona el premi Memorial LiberPress, atorgat al seu pare per la seva infatigable lluita per la democr\u00e0cia, la llibertat i la solidaritat, uns valors que ella enriqueix amb un tena\u00e7 combat contra la mediocritat cultural Considera que els valors destacats per l&#8217;associaci\u00f3 LiberPress [&hellip;]<\/p>\n","protected":false},"author":5,"featured_media":9292,"comment_status":"open","ping_status":"open","sticky":false,"template":"","format":"standard","meta":[],"categories":[197],"tags":[],"_links":{"self":[{"href":"https:\/\/aja.pt\/en\/wp-json\/wp\/v2\/posts\/9291"}],"collection":[{"href":"https:\/\/aja.pt\/en\/wp-json\/wp\/v2\/posts"}],"about":[{"href":"https:\/\/aja.pt\/en\/wp-json\/wp\/v2\/types\/post"}],"author":[{"embeddable":true,"href":"https:\/\/aja.pt\/en\/wp-json\/wp\/v2\/users\/5"}],"replies":[{"embeddable":true,"href":"https:\/\/aja.pt\/en\/wp-json\/wp\/v2\/comments?post=9291"}],"version-history":[{"count":0,"href":"https:\/\/aja.pt\/en\/wp-json\/wp\/v2\/posts\/9291\/revisions"}],"wp:featuredmedia":[{"embeddable":true,"href":"https:\/\/aja.pt\/en\/wp-json\/wp\/v2\/media\/9292"}],"wp:attachment":[{"href":"https:\/\/aja.pt\/en\/wp-json\/wp\/v2\/media?parent=9291"}],"wp:term":[{"taxonomy":"category","embeddable":true,"href":"https:\/\/aja.pt\/en\/wp-json\/wp\/v2\/categories?post=9291"},{"taxonomy":"post_tag","embeddable":true,"href":"https:\/\/aja.pt\/en\/wp-json\/wp\/v2\/tags?post=9291"}],"curies":[{"name":"wp","href":"https:\/\/api.w.org\/{rel}","templated":true}]}}