{"id":9166,"date":"2009-08-01T13:31:00","date_gmt":"2009-08-01T13:31:00","guid":{"rendered":"https:\/\/aja.pt\/wp\/?p=9166"},"modified":"2021-12-17T11:38:36","modified_gmt":"2021-12-17T11:38:36","slug":"80-anos-de-zeca-conferencia-de-imprensa","status":"publish","type":"post","link":"https:\/\/aja.pt\/en\/80-anos-de-zeca-conferencia-de-imprensa\/","title":{"rendered":"80 anos de Zeca: Confer\u00eancia de imprensa"},"content":{"rendered":"<div align=\"justify\">80 ANOS DE ZECA<br \/>1 de Agosto, S\u00e1bado, 11h00<br \/>Associa\u00e7\u00e3o dos Jornalistas e Homens de Letras do Porto<br \/>Rua Rodrigues Sampaio, 140, Porto<\/p>\n<p>Jos\u00e9 Afonso, o Zeca, nasceu a 2 de Agosto de 1929. Se andasse por c\u00e1 faria 80 anos no pr\u00f3ximo domingo.<\/p>\n<p>As entidades signat\u00e1rias, oriundas das mais diversas express\u00f5es do movimento popular e associativo, querem, entre 2 de Agosto de 2009 e 1 de Agosto de 2010, celebrar a vida dos \u201c80 Anos de Zeca\u201d.<\/p>\n<p>Neste projecto cabe o tri\u00e2ngulo m\u00e1gico das suas viv\u00eancias \u2013 \u00c1frica, Portugal, Galiza \u2013 mas tamb\u00e9m a sua obra e a sua manifesta\u00e7\u00e3o de cidadania.<\/p>\n<p>A confer\u00eancia de imprensa que hoje convocamos e para a qual apelamos \u00e0 vosso compar\u00eancia, servir\u00e1 para apresentar o MANIFESTO desta iniciativa, a lista de primeiros subscritores que envolve dezenas de entidades do Norte de Portugal que queremos din\u00e2mica e crescente ao longo do ano, e um primeiro arrolamento de iniciativas que, promovidas pelas diversas entidades em variadas parcerias, decorrer\u00e3o durante os \u201c80 anos de Zeca\u201d.<\/p>\n<p>Certos da Vossa melhor aten\u00e7\u00e3o,<br \/>Porto, 30 de Julho de 2009<\/p>\n<p>Gabriela Marques e Paulo Esperan\u00e7a &#8211; AJA n\u00facleo do norte<\/p><\/div>\n","protected":false},"excerpt":{"rendered":"<p>80 ANOS DE ZECA1 de Agosto, S\u00e1bado, 11h00Associa\u00e7\u00e3o dos Jornalistas e Homens de Letras do PortoRua Rodrigues Sampaio, 140, Porto Jos\u00e9 Afonso, o Zeca, nasceu a 2 de Agosto de 1929. Se andasse por c\u00e1 faria 80 anos no pr\u00f3ximo domingo. As entidades signat\u00e1rias, oriundas das mais diversas express\u00f5es do movimento popular e associativo, querem, [&hellip;]<\/p>\n","protected":false},"author":5,"featured_media":0,"comment_status":"open","ping_status":"open","sticky":false,"template":"","format":"standard","meta":[],"categories":[255],"tags":[],"_links":{"self":[{"href":"https:\/\/aja.pt\/en\/wp-json\/wp\/v2\/posts\/9166"}],"collection":[{"href":"https:\/\/aja.pt\/en\/wp-json\/wp\/v2\/posts"}],"about":[{"href":"https:\/\/aja.pt\/en\/wp-json\/wp\/v2\/types\/post"}],"author":[{"embeddable":true,"href":"https:\/\/aja.pt\/en\/wp-json\/wp\/v2\/users\/5"}],"replies":[{"embeddable":true,"href":"https:\/\/aja.pt\/en\/wp-json\/wp\/v2\/comments?post=9166"}],"version-history":[{"count":0,"href":"https:\/\/aja.pt\/en\/wp-json\/wp\/v2\/posts\/9166\/revisions"}],"wp:attachment":[{"href":"https:\/\/aja.pt\/en\/wp-json\/wp\/v2\/media?parent=9166"}],"wp:term":[{"taxonomy":"category","embeddable":true,"href":"https:\/\/aja.pt\/en\/wp-json\/wp\/v2\/categories?post=9166"},{"taxonomy":"post_tag","embeddable":true,"href":"https:\/\/aja.pt\/en\/wp-json\/wp\/v2\/tags?post=9166"}],"curies":[{"name":"wp","href":"https:\/\/api.w.org\/{rel}","templated":true}]}}