{"id":9165,"date":"2009-07-31T15:05:00","date_gmt":"2009-07-31T15:05:00","guid":{"rendered":"https:\/\/aja.pt\/wp\/?p=9165"},"modified":"2021-12-17T11:38:36","modified_gmt":"2021-12-17T11:38:36","slug":"familia-de-jose-afonso-indignada-com-vereador-da-cultura","status":"publish","type":"post","link":"https:\/\/aja.pt\/en\/familia-de-jose-afonso-indignada-com-vereador-da-cultura\/","title":{"rendered":"Fam\u00edlia de Jos\u00e9 Afonso indignada com vereador da Cultura"},"content":{"rendered":"<div align=\"justify\">Na apresenta\u00e7\u00e3o de uma homenagem ao cantor, por ocasi\u00e3o do 80\u00ba anivers\u00e1rio do seu nascimento, M\u00e1rio Nunes, vereador da Cultura, disse que Jos\u00e9 Afonso \u201cdevia ter morrido num lar\u201d e que \u201cat\u00e9 medicamentos lhe faltaram\u201d no fim da vida. A fam\u00edlia de Jos\u00e9 Afonso diz que \u00e9 uma afirma\u00e7\u00e3o infeliz.<\/p>\n<p>&#8220;Um homem que devia ter morrido num lar ou numa cama em condi\u00e7\u00f5es e a quem at\u00e9 os medicamentos lhe faltaram no final da vida&#8221;. \u00c9 esta afirma\u00e7\u00e3o, feita pelo vereador da Cultura de Coimbra, M\u00e1rio Nunes, que indignou a fam\u00edlia de Jos\u00e9 Afonso.<\/p>\n<p>\u201cLamento profundamente a infelicidade da afirma\u00e7\u00e3o que fez. Quero crer que n\u00e3o foi proferida com m\u00e1-f\u00e9, mas apenas por falta de sentido de perspectiva e de conhecimento do assunto\u201d, refere a filha do cantor, Helena Afonso, numa nota enviada ao JN, sublinhando que se trata de \u201cum autarca com responsabilidades na \u00e1rea da Cultura\u201d.<\/p>\n<p>O vereador falava no passado dia 22 de Julho, na <a href=\"http:\/\/jn.sapo.pt\/paginainicial\/interior.aspx?content_id=1314540\">apresenta\u00e7\u00e3o do &#8220;Memorial&#8221;<\/a> em homenagem ao cantor e compositor, que inclui m\u00fasica, dan\u00e7a e poesia, a realizar na cidade dos estudantes dia 2 de Agosto, por ocasi\u00e3o do 80\u00ba anivers\u00e1rio do nascimento de Jos\u00e9 Afonso (Zeca Afonso).<\/p>\n<p>Helena Afonso explica que o internamento do pai num lar \u201cseria um acto indigno do pr\u00f3prio e dos parentes e amigos que o acompanharam e lhe prestaram a assist\u00eancia poss\u00edvel, al\u00e9m de ser inapropriado para a sua patologia progressiva\u201d.<\/p>\n<p>Refere ainda que o c\u00e9lebre cantor que deu voz a \u201cGr\u00e2ndola, vila morena\u201d, falecido a 23 de Fevereiro de 1987, esteve \u201csempre rodeado pela fam\u00edlia e amigos\u201d.<\/p>\n<p>Helena Afonso garante que \u201c\u00e9 redondamente falsa\u201d a afirma\u00e7\u00e3o de que \u201cat\u00e9 os medicamentos lhe faltaram no final da vida&#8221;, feita por M\u00e1rio Nunes.<\/p>\n<p>\u201cUma vasta rede solid\u00e1ria, em Portugal e no estrangeiro (onde gozava de enorme reputa\u00e7\u00e3o e respeito), constitu\u00edda por gente de muitos quadrantes, permitiu a Jos\u00e9 Afonso o acesso \u00e0 medicamenta\u00e7\u00e3o mais actualizada na \u00e9poca\u201d, assegura ao JN.<\/p>\n<\/div>\n<div align=\"justify\"><\/div>\n<div align=\"justify\">Sandra Alves \u00bb <a href=\"http:\/\/jn.sapo.pt\/paginainicial\/pais\/concelho.aspx?Distrito=Coimbra&amp;Concelho=Coimbra&amp;Option=Interior&amp;content_id=1322555\">Jornal de Not\u00edcias<\/a><\/div>\n","protected":false},"excerpt":{"rendered":"<p>Na apresenta\u00e7\u00e3o de uma homenagem ao cantor, por ocasi\u00e3o do 80\u00ba anivers\u00e1rio do seu nascimento, M\u00e1rio Nunes, vereador da Cultura, disse que Jos\u00e9 Afonso \u201cdevia ter morrido num lar\u201d e que \u201cat\u00e9 medicamentos lhe faltaram\u201d no fim da vida. A fam\u00edlia de Jos\u00e9 Afonso diz que \u00e9 uma afirma\u00e7\u00e3o infeliz. &#8220;Um homem que devia ter [&hellip;]<\/p>\n","protected":false},"author":5,"featured_media":0,"comment_status":"open","ping_status":"open","sticky":false,"template":"","format":"standard","meta":[],"categories":[165,91],"tags":[],"_links":{"self":[{"href":"https:\/\/aja.pt\/en\/wp-json\/wp\/v2\/posts\/9165"}],"collection":[{"href":"https:\/\/aja.pt\/en\/wp-json\/wp\/v2\/posts"}],"about":[{"href":"https:\/\/aja.pt\/en\/wp-json\/wp\/v2\/types\/post"}],"author":[{"embeddable":true,"href":"https:\/\/aja.pt\/en\/wp-json\/wp\/v2\/users\/5"}],"replies":[{"embeddable":true,"href":"https:\/\/aja.pt\/en\/wp-json\/wp\/v2\/comments?post=9165"}],"version-history":[{"count":0,"href":"https:\/\/aja.pt\/en\/wp-json\/wp\/v2\/posts\/9165\/revisions"}],"wp:attachment":[{"href":"https:\/\/aja.pt\/en\/wp-json\/wp\/v2\/media?parent=9165"}],"wp:term":[{"taxonomy":"category","embeddable":true,"href":"https:\/\/aja.pt\/en\/wp-json\/wp\/v2\/categories?post=9165"},{"taxonomy":"post_tag","embeddable":true,"href":"https:\/\/aja.pt\/en\/wp-json\/wp\/v2\/tags?post=9165"}],"curies":[{"name":"wp","href":"https:\/\/api.w.org\/{rel}","templated":true}]}}