{"id":9106,"date":"2009-06-14T16:20:00","date_gmt":"2009-06-14T16:20:00","guid":{"rendered":"https:\/\/aja.pt\/wp\/?p=9106"},"modified":"2022-12-02T18:44:35","modified_gmt":"2022-12-02T18:44:35","slug":"20-cancoes-para-zeca-afonso-na-malaposta","status":"publish","type":"post","link":"https:\/\/aja.pt\/en\/20-cancoes-para-zeca-afonso-na-malaposta\/","title":{"rendered":"&#8220;20 can\u00e7\u00f5es para Zeca Afonso&#8221; na Malaposta"},"content":{"rendered":"<div style=\"text-align: justify;\">Vinte anos ap\u00f3s o desaparecimento de Zeca Afonso surge 20 Can\u00e7\u00f5es para Zeca Afonso, um projecto musical que prop\u00f5e uma reflex\u00e3o sobre a obra po\u00e9tica e musical desta figura \u00edmpar da cultura portuguesa.<\/div>\n<div style=\"text-align: justify;\">Num espect\u00e1culo com uma dura\u00e7\u00e3o aproximada de 90 minutos, a raiz popular presente na m\u00fasica de Zeca Afonso \u00e9 recriada num contexto inovador que concilia as melodias das can\u00e7\u00f5es (vozes), os timbres jazz\u00edsticos do trio de Jazz (guitarra, baixo e bateria) que acompanha os instrumentos solistas (saxofone e piano), numa fus\u00e3o \u00fanica de universos musicais que se complementam e enriquecem. O repert\u00f3rio seleccionado inclui can\u00e7\u00f5es originalmente editadas entre 1962 e 1987, representando est\u00e9tica e cronologicamente uma parte significativa da obra de Zeca Afonso. Assim, a par de temas muito popularizados, ser\u00e3o interpretados outros menos divulgados entre um p\u00fablico mais generalista, o que confere a este projecto uma componente muito forte de divulga\u00e7\u00e3o musical.<\/div>\n<div style=\"text-align: justify;\">20 Can\u00e7\u00f5es para Zeca Afonso \u00e9 uma alternativa original e requintada de homenagem a Zeca Afonso, que procura o equil\u00edbrio entre uma mensagem emocional clara, pelas palavras e temas musicais, e a leveza fraterna e optimista pr\u00f3pria da sua m\u00fasica.<\/div>\n<div style=\"text-align: justify;\"><\/div>\n<p><span class=\"Apple-style-span\" style=\"-webkit-border-horizontal-spacing: 2px; -webkit-border-vertical-spacing: 2px; font-family: 'times new roman';\"><\/span><br \/><span class=\"Apple-style-span\" style=\"-webkit-border-horizontal-spacing: 2px; -webkit-border-vertical-spacing: 2px; font-family: 'times new roman';\"><\/span><br \/><span class=\"Apple-style-span\" style=\"-webkit-border-horizontal-spacing: 2px; -webkit-border-vertical-spacing: 2px; font-family: 'times new roman';\"><\/p>\n<div style=\"margin-bottom: 0px; margin-top: 0px;\"><span style=\"color: #0173ba;\"><strong><span class=\"Apple-style-span\" style=\"font-family: 'trebuchet ms';\"><span class=\"Apple-style-span\" style=\"font-size: small;\">20 Can\u00e7\u00f5es Para Zeca Afonso<\/span><\/span><\/strong><\/span><\/div>\n<div style=\"margin-bottom: 0px; margin-top: 0px;\"><span style=\"color: #666666;\"><span class=\"Apple-style-span\" style=\"font-family: 'trebuchet ms';\"><span class=\"Apple-style-span\" style=\"font-size: small;\">Em Vers\u00e3o de C\u00e2mara<br \/>Voz: Alexandra \u00c1vila e Jo\u00e3o David Almeida<br \/>Piano: Jo\u00e3o Paulo Esteves da Silva<br \/>Saxofone: Jorge Reis<br \/>Guitarra: Rafael Fraga<br \/>Baixo: Augusto Macedo<br \/>Bateria: Bruno Pedroso<br \/>M\/12<br \/><\/span><\/span><b><span class=\"Apple-style-span\" style=\"font-family: 'trebuchet ms';\"><span class=\"Apple-style-span\" style=\"font-size: small;\">Valor:<\/span><\/span><\/b><span class=\"Apple-style-span\" style=\"font-family: 'trebuchet ms';\"><span class=\"Apple-style-span\" style=\"font-size: small;\"> 10\u20ac [Pre\u00e7o Sujeito a Descontos]<\/span><\/span><\/span><\/div>\n<div style=\"margin-bottom: 0px; margin-top: 0px;\"><span style=\"color: #666666;\"><strong><span class=\"Apple-style-span\" style=\"font-family: 'trebuchet ms';\"><span class=\"Apple-style-span\" style=\"font-size: small;\">Data:<\/span><\/span><\/strong><span class=\"Apple-style-span\" style=\"font-family: 'trebuchet ms';\"><span class=\"Apple-style-span\" style=\"font-size: small;\"> 20 de Junho<\/span><\/span><\/span><\/div>\n<div style=\"margin-bottom: 0px; margin-top: 0px;\"><span style=\"color: #666666;\"><strong><span class=\"Apple-style-span\" style=\"font-family: 'trebuchet ms';\"><span class=\"Apple-style-span\" style=\"font-size: small;\">Hora:<\/span><\/span><\/strong><span class=\"Apple-style-span\" style=\"font-family: 'trebuchet ms';\"><span class=\"Apple-style-span\" style=\"font-size: small;\"> 21h30<\/span><\/span><\/span><\/div>\n<div style=\"margin-bottom: 0px; margin-top: 0px;\"><span style=\"color: #666666;\"><strong><span class=\"Apple-style-span\" style=\"font-family: 'trebuchet ms';\"><span class=\"Apple-style-span\" style=\"font-size: small;\">Local:<\/span><\/span><\/strong><span class=\"Apple-style-span\" style=\"font-family: 'trebuchet ms';\"><span class=\"Apple-style-span\" style=\"font-size: small;\"> Centro Cultural Malaposta &#8211; Audit\u00f3rio<\/span><\/span><\/span><\/div>\n<p><\/span><\/p>\n<div style=\"text-align: justify;\"><span class=\"Apple-style-span\" style=\"white-space: pre-wrap;\"><span class=\"Apple-style-span\" style=\"-webkit-border-horizontal-spacing: 2px; -webkit-border-vertical-spacing: 2px; color: #666666; white-space: normal;\"><strong><span class=\"Apple-style-span\" style=\"font-family: 'trebuchet ms';\"><span class=\"Apple-style-span\" style=\"font-size: small;\">Informa\u00e7\u00f5es:<\/span><\/span><\/strong><span class=\"Apple-style-span\" style=\"font-family: 'trebuchet ms';\"><span class=\"Apple-style-span\" style=\"font-size: small;\"> <\/span><\/span><a href=\"http:\/\/www.malaposta.pt\/\"><span class=\"Apple-style-span\" style=\"font-family: 'trebuchet ms';\"><span class=\"Apple-style-span\" style=\"font-size: small;\">Centro Cultural Malaposta<\/span><\/span><\/a><span class=\"Apple-style-span\" style=\"font-family: 'trebuchet ms';\"><span class=\"Apple-style-span\" style=\"font-size: small;\"> &#8211; Tel.: 219 383 100<\/span><\/span><\/span><\/span><\/div>\n","protected":false},"excerpt":{"rendered":"<p>Vinte anos ap\u00f3s o desaparecimento de Zeca Afonso surge 20 Can\u00e7\u00f5es para Zeca Afonso, um projecto musical que prop\u00f5e uma reflex\u00e3o sobre a obra po\u00e9tica e musical desta figura \u00edmpar da cultura portuguesa. Num espect\u00e1culo com uma dura\u00e7\u00e3o aproximada de 90 minutos, a raiz popular presente na m\u00fasica de Zeca Afonso \u00e9 recriada num contexto [&hellip;]<\/p>\n","protected":false},"author":5,"featured_media":0,"comment_status":"open","ping_status":"open","sticky":false,"template":"","format":"standard","meta":[],"categories":[240,131],"tags":[],"_links":{"self":[{"href":"https:\/\/aja.pt\/en\/wp-json\/wp\/v2\/posts\/9106"}],"collection":[{"href":"https:\/\/aja.pt\/en\/wp-json\/wp\/v2\/posts"}],"about":[{"href":"https:\/\/aja.pt\/en\/wp-json\/wp\/v2\/types\/post"}],"author":[{"embeddable":true,"href":"https:\/\/aja.pt\/en\/wp-json\/wp\/v2\/users\/5"}],"replies":[{"embeddable":true,"href":"https:\/\/aja.pt\/en\/wp-json\/wp\/v2\/comments?post=9106"}],"version-history":[{"count":1,"href":"https:\/\/aja.pt\/en\/wp-json\/wp\/v2\/posts\/9106\/revisions"}],"predecessor-version":[{"id":42012,"href":"https:\/\/aja.pt\/en\/wp-json\/wp\/v2\/posts\/9106\/revisions\/42012"}],"wp:attachment":[{"href":"https:\/\/aja.pt\/en\/wp-json\/wp\/v2\/media?parent=9106"}],"wp:term":[{"taxonomy":"category","embeddable":true,"href":"https:\/\/aja.pt\/en\/wp-json\/wp\/v2\/categories?post=9106"},{"taxonomy":"post_tag","embeddable":true,"href":"https:\/\/aja.pt\/en\/wp-json\/wp\/v2\/tags?post=9106"}],"curies":[{"name":"wp","href":"https:\/\/api.w.org\/{rel}","templated":true}]}}