{"id":9043,"date":"2009-04-29T11:55:00","date_gmt":"2009-04-29T11:55:00","guid":{"rendered":"https:\/\/aja.pt\/wp\/?p=9043"},"modified":"2021-12-17T11:39:06","modified_gmt":"2021-12-17T11:39:06","slug":"inauguracao-de-espaco-dedicado-a-jose-afonso-em-santiago-de-compostela","status":"publish","type":"post","link":"https:\/\/aja.pt\/en\/inauguracao-de-espaco-dedicado-a-jose-afonso-em-santiago-de-compostela\/","title":{"rendered":"Inaugura\u00e7\u00e3o de espa\u00e7o dedicado a Jos\u00e9 Afonso em Santiago de Compostela"},"content":{"rendered":"<div align=\"justify\">O pr\u00f3ximo d\u00eda 10 de maio \u00e1s 12 h. vaise proceder \u00e1 inauguraci\u00f3n dun espazo p\u00fablico na cidade de Santiago dedicado \u00e1 Jos\u00e9 Afonso. O pequeno &#8220;Parque Jos\u00e9 Afonso&#8221; est\u00e1 situado nun lateral do Auditorio de Galicia, moi preto do pequeno lago.Ese d\u00eda conmemoramos o 37 aniversario do 10 de maio de 1972, d\u00eda no que o Zeca cantou por vez primeira en p\u00fablico &#8220;Gr\u00e2ndola, vila morena&#8221; nun extraordinario recital que tivo lugar no desaparecido Burgo das Naci\u00f3ns, xusto onde hoxe est\u00e1 o Auditorio. Esta homenaxe da cidade a Jose Afonso foi promovida por un grupo de amigos do cantor, apoiada por tres mil persoas de todo o mundo e aprobada polo Pleno do Concello de Santiago.<\/div>\n","protected":false},"excerpt":{"rendered":"<p>O pr\u00f3ximo d\u00eda 10 de maio \u00e1s 12 h. vaise proceder \u00e1 inauguraci\u00f3n dun espazo p\u00fablico na cidade de Santiago dedicado \u00e1 Jos\u00e9 Afonso. O pequeno &#8220;Parque Jos\u00e9 Afonso&#8221; est\u00e1 situado nun lateral do Auditorio de Galicia, moi preto do pequeno lago.Ese d\u00eda conmemoramos o 37 aniversario do 10 de maio de 1972, d\u00eda no [&hellip;]<\/p>\n","protected":false},"author":5,"featured_media":0,"comment_status":"open","ping_status":"open","sticky":false,"template":"","format":"standard","meta":[],"categories":[108,206],"tags":[],"_links":{"self":[{"href":"https:\/\/aja.pt\/en\/wp-json\/wp\/v2\/posts\/9043"}],"collection":[{"href":"https:\/\/aja.pt\/en\/wp-json\/wp\/v2\/posts"}],"about":[{"href":"https:\/\/aja.pt\/en\/wp-json\/wp\/v2\/types\/post"}],"author":[{"embeddable":true,"href":"https:\/\/aja.pt\/en\/wp-json\/wp\/v2\/users\/5"}],"replies":[{"embeddable":true,"href":"https:\/\/aja.pt\/en\/wp-json\/wp\/v2\/comments?post=9043"}],"version-history":[{"count":0,"href":"https:\/\/aja.pt\/en\/wp-json\/wp\/v2\/posts\/9043\/revisions"}],"wp:attachment":[{"href":"https:\/\/aja.pt\/en\/wp-json\/wp\/v2\/media?parent=9043"}],"wp:term":[{"taxonomy":"category","embeddable":true,"href":"https:\/\/aja.pt\/en\/wp-json\/wp\/v2\/categories?post=9043"},{"taxonomy":"post_tag","embeddable":true,"href":"https:\/\/aja.pt\/en\/wp-json\/wp\/v2\/tags?post=9043"}],"curies":[{"name":"wp","href":"https:\/\/api.w.org\/{rel}","templated":true}]}}