{"id":9040,"date":"2009-04-28T07:25:00","date_gmt":"2009-04-28T07:25:00","guid":{"rendered":"https:\/\/aja.pt\/wp\/?p=9040"},"modified":"2022-12-02T18:44:55","modified_gmt":"2022-12-02T18:44:55","slug":"20-cancoes-para-zeca-afonso-juntou-250-pessoas-na-mealhada","status":"publish","type":"post","link":"https:\/\/aja.pt\/en\/20-cancoes-para-zeca-afonso-juntou-250-pessoas-na-mealhada\/","title":{"rendered":"\u201c20 Can\u00e7\u00f5es para Zeca Afonso\u201d juntou 250 pessoas na Mealhada"},"content":{"rendered":"<div align=\"justify\">Zeca Afonso foi o grande homenageado da noite da \u00faltima sexta-feira, 24 de Abril, no cineteatro Municipal Messias. Mais de duzentas e cinquenta pessoas assistiram ao espect\u00e1culo \u201c20 Can\u00e7\u00f5es para Zeca Afonso\u201d, que reflectiu o olhar da gera\u00e7\u00e3o mais jovem sobre a m\u00fasica e as palavras deste cantor de Abril. Uma forma original de assinalar os trinta e cinco anos da Revolu\u00e7\u00e3o dos Cravos, que mereceu os maiores aplausos de quem assistiu.<br \/>Onze jovens em palco, vinte can\u00e7\u00f5es para um nome indissoci\u00e1vel da Revolu\u00e7\u00e3o dos Cravos. O jazz foi o g\u00e9nero que imperou, com as populares m\u00fasicas do cantor a surgirem ao som do piano, guitarra, saxofone, viola, violinos e violoncelo. As letras, essas eram as mesmas das muitas can\u00e7\u00f5es de Zeca Afonso, que diferentes gera\u00e7\u00f5es j\u00e1 soletraram. \u201cO que faz falta \u00e9 animar, o que faz falta\u201d, ouvia-se, num tom menos popular e mais s\u00e9rio, mas igualmente bonito.<br \/>\u201c20 Can\u00e7\u00f5es para Zeca Afonso\u201d, um projecto de Rafael Fraga, conseguiu desafiar todas pessoas presentes nesta noite a uma reflex\u00e3o sobre a obra po\u00e9tica e musical desta figura \u00edmpar da cultura portuguesa. Onze jovens e um legado, uma voz masculina, outra feminina, temas mais conhecidos, outros menos divulgados, mas um espect\u00e1culo que agradou o p\u00fablico, que foi cantando \u201cA morte saiu \u00e0 rua\u201d ou \u201cVenham mais cinco\u201d, \u201cMaria Faia\u201d ou \u201cOs \u00edndios da meia-praia\u201d. No final, ouviram-se muitos aplausos depois da \u00faltima m\u00fasica, \u201cVenham mais cinco\u201d, e o grupo voltou ao palco para um \u00fanico, mas apreciado, encore.<\/div>\n","protected":false},"excerpt":{"rendered":"<p>Zeca Afonso foi o grande homenageado da noite da \u00faltima sexta-feira, 24 de Abril, no cineteatro Municipal Messias. Mais de duzentas e cinquenta pessoas assistiram ao espect\u00e1culo \u201c20 Can\u00e7\u00f5es para Zeca Afonso\u201d, que reflectiu o olhar da gera\u00e7\u00e3o mais jovem sobre a m\u00fasica e as palavras deste cantor de Abril. Uma forma original de assinalar [&hellip;]<\/p>\n","protected":false},"author":5,"featured_media":0,"comment_status":"open","ping_status":"open","sticky":false,"template":"","format":"standard","meta":[],"categories":[131],"tags":[],"_links":{"self":[{"href":"https:\/\/aja.pt\/en\/wp-json\/wp\/v2\/posts\/9040"}],"collection":[{"href":"https:\/\/aja.pt\/en\/wp-json\/wp\/v2\/posts"}],"about":[{"href":"https:\/\/aja.pt\/en\/wp-json\/wp\/v2\/types\/post"}],"author":[{"embeddable":true,"href":"https:\/\/aja.pt\/en\/wp-json\/wp\/v2\/users\/5"}],"replies":[{"embeddable":true,"href":"https:\/\/aja.pt\/en\/wp-json\/wp\/v2\/comments?post=9040"}],"version-history":[{"count":1,"href":"https:\/\/aja.pt\/en\/wp-json\/wp\/v2\/posts\/9040\/revisions"}],"predecessor-version":[{"id":42013,"href":"https:\/\/aja.pt\/en\/wp-json\/wp\/v2\/posts\/9040\/revisions\/42013"}],"wp:attachment":[{"href":"https:\/\/aja.pt\/en\/wp-json\/wp\/v2\/media?parent=9040"}],"wp:term":[{"taxonomy":"category","embeddable":true,"href":"https:\/\/aja.pt\/en\/wp-json\/wp\/v2\/categories?post=9040"},{"taxonomy":"post_tag","embeddable":true,"href":"https:\/\/aja.pt\/en\/wp-json\/wp\/v2\/tags?post=9040"}],"curies":[{"name":"wp","href":"https:\/\/api.w.org\/{rel}","templated":true}]}}