{"id":9036,"date":"2009-04-26T11:09:00","date_gmt":"2009-04-26T11:09:00","guid":{"rendered":"https:\/\/aja.pt\/wp\/?p=9036"},"modified":"2021-12-17T11:39:06","modified_gmt":"2021-12-17T11:39:06","slug":"painel-de-azulejos-alusivo-a-jose-afonso","status":"publish","type":"post","link":"https:\/\/aja.pt\/en\/painel-de-azulejos-alusivo-a-jose-afonso\/","title":{"rendered":"Painel de azulejos alusivo a Jos\u00e9 Afonso"},"content":{"rendered":"<p><a href=\"http:\/\/2.bp.blogspot.com\/_uSakL4fZ7Cs\/SfRBIT8-GZI\/AAAAAAAAAe0\/kEfdSqzE3Hg\/s1600-h\/azulejos+setubal+2\" onblur=\"try {parent.deselectBloggerImageGracefully();} catch(e) {}\"><img alt=\"\" border=\"0\" id=\"BLOGGER_PHOTO_ID_5328955870136899986\" src=\"http:\/\/2.bp.blogspot.com\/_uSakL4fZ7Cs\/SfRBIT8-GZI\/AAAAAAAAAe0\/kEfdSqzE3Hg\/s400\/azulejos+setubal+2\" style=\"cursor: hand; cursor: pointer; display: block; height: 300px; margin: 0px auto 10px; text-align: center; width: 400px;\" \/><\/a><br \/><a href=\"http:\/\/1.bp.blogspot.com\/_uSakL4fZ7Cs\/SfRBCNl6Q2I\/AAAAAAAAAes\/6y7J8xMgyJk\/s1600-h\/azulejos+setubal\" onblur=\"try {parent.deselectBloggerImageGracefully();} catch(e) {}\"><img alt=\"\" border=\"0\" id=\"BLOGGER_PHOTO_ID_5328955765350351714\" src=\"http:\/\/1.bp.blogspot.com\/_uSakL4fZ7Cs\/SfRBCNl6Q2I\/AAAAAAAAAes\/6y7J8xMgyJk\/s400\/azulejos+setubal\" style=\"cursor: hand; cursor: pointer; display: block; height: 289px; margin: 0px auto 10px; text-align: center; width: 400px;\" \/><\/a><\/p>\n<div class=\"MsoPlainText\" style=\"text-align: justify;\">Descerramento de um painel de azulejos alusivo a Jos\u00e9 Afonso, na Junta de Freguesia de S\u00e3o Sebasti\u00e3o, em&nbsp; Set\u00fabal, no dia 26 de Abril de 2009.<\/div>\n<div class=\"MsoPlainText\" style=\"text-align: justify;\">A Associa\u00e7\u00e3o Jos\u00e9 Afonso esteve presente nesta iniciativa integrada nas Comemora\u00e7\u00f5es do 35\u00ba Anivers\u00e1rio do 25 de Abril.<\/div>\n","protected":false},"excerpt":{"rendered":"<p>Descerramento de um painel de azulejos alusivo a Jos\u00e9 Afonso, na Junta de Freguesia de S\u00e3o Sebasti\u00e3o, em&nbsp; Set\u00fabal, no dia 26 de Abril de 2009. A Associa\u00e7\u00e3o Jos\u00e9 Afonso esteve presente nesta iniciativa integrada nas Comemora\u00e7\u00f5es do 35\u00ba Anivers\u00e1rio do 25 de Abril.<\/p>\n","protected":false},"author":5,"featured_media":0,"comment_status":"open","ping_status":"open","sticky":false,"template":"","format":"standard","meta":[],"categories":[240,71],"tags":[],"_links":{"self":[{"href":"https:\/\/aja.pt\/en\/wp-json\/wp\/v2\/posts\/9036"}],"collection":[{"href":"https:\/\/aja.pt\/en\/wp-json\/wp\/v2\/posts"}],"about":[{"href":"https:\/\/aja.pt\/en\/wp-json\/wp\/v2\/types\/post"}],"author":[{"embeddable":true,"href":"https:\/\/aja.pt\/en\/wp-json\/wp\/v2\/users\/5"}],"replies":[{"embeddable":true,"href":"https:\/\/aja.pt\/en\/wp-json\/wp\/v2\/comments?post=9036"}],"version-history":[{"count":0,"href":"https:\/\/aja.pt\/en\/wp-json\/wp\/v2\/posts\/9036\/revisions"}],"wp:attachment":[{"href":"https:\/\/aja.pt\/en\/wp-json\/wp\/v2\/media?parent=9036"}],"wp:term":[{"taxonomy":"category","embeddable":true,"href":"https:\/\/aja.pt\/en\/wp-json\/wp\/v2\/categories?post=9036"},{"taxonomy":"post_tag","embeddable":true,"href":"https:\/\/aja.pt\/en\/wp-json\/wp\/v2\/tags?post=9036"}],"curies":[{"name":"wp","href":"https:\/\/api.w.org\/{rel}","templated":true}]}}