{"id":9030,"date":"2009-04-25T17:05:00","date_gmt":"2009-04-25T17:05:00","guid":{"rendered":"https:\/\/aja.pt\/wp\/?p=9030"},"modified":"2021-12-17T11:39:06","modified_gmt":"2021-12-17T11:39:06","slug":"festival-cantar-jose-afonso","status":"publish","type":"post","link":"https:\/\/aja.pt\/en\/festival-cantar-jose-afonso\/","title":{"rendered":"Festival &#8220;Cantar Jos\u00e9 Afonso&#8221;"},"content":{"rendered":"<p><a onblur=\"try {parent.deselectBloggerImageGracefully();} catch(e) {}\" href=\"http:\/\/2.bp.blogspot.com\/_uSakL4fZ7Cs\/SfNEI-IdLNI\/AAAAAAAAAd8\/054oI9jGpTM\/s1600-h\/4%C2%BA+cantar+Jos%C3%A9+Afonso.jpg\"><img id=\"BLOGGER_PHOTO_ID_5328677705017535698\" style=\"cursor: pointer; display: block; height: 400px; margin: 0px auto 10px; text-align: center; width: 267px;\" src=\"http:\/\/2.bp.blogspot.com\/_uSakL4fZ7Cs\/SfNEI-IdLNI\/AAAAAAAAAd8\/054oI9jGpTM\/s400\/4%C2%BA+cantar+Jos%C3%A9+Afonso.jpg\" alt=\"\" border=\"0\" \/><\/a><\/p>\n<div style=\"text-align: justify;\">O Festival &#8220;Cantar Jos\u00e9 Afonso&#8221; foi uma iniciativa realizada pelo C\u00edrculo Cultural de Set\u00fabal entre 1988 e 1996 para evocar em Set\u00fabal Jos\u00e9 Afonso.<\/div>\n<div style=\"text-align: justify;\">Neste blogue (<a href=\"http:\/\/cantarjoseafonso.blogspot.com\/\">http:\/\/cantarjoseafonso.blogspot.com\/)<\/a>\u00a0podem ter acesso a toda a programa\u00e7\u00e3o dessa iniciativa que durante muitos anos foi a \u00fanica dedicada ao Zeca em Set\u00fabal.<\/div>\n","protected":false},"excerpt":{"rendered":"<p>O Festival &#8220;Cantar Jos\u00e9 Afonso&#8221; foi uma iniciativa realizada pelo C\u00edrculo Cultural de Set\u00fabal entre 1988 e 1996 para evocar em Set\u00fabal Jos\u00e9 Afonso. Neste blogue (http:\/\/cantarjoseafonso.blogspot.com\/)\u00a0podem ter acesso a toda a programa\u00e7\u00e3o dessa iniciativa que durante muitos anos foi a \u00fanica dedicada ao Zeca em Set\u00fabal.<\/p>\n","protected":false},"author":5,"featured_media":14659,"comment_status":"open","ping_status":"open","sticky":false,"template":"","format":"standard","meta":[],"categories":[248,249],"tags":[],"_links":{"self":[{"href":"https:\/\/aja.pt\/en\/wp-json\/wp\/v2\/posts\/9030"}],"collection":[{"href":"https:\/\/aja.pt\/en\/wp-json\/wp\/v2\/posts"}],"about":[{"href":"https:\/\/aja.pt\/en\/wp-json\/wp\/v2\/types\/post"}],"author":[{"embeddable":true,"href":"https:\/\/aja.pt\/en\/wp-json\/wp\/v2\/users\/5"}],"replies":[{"embeddable":true,"href":"https:\/\/aja.pt\/en\/wp-json\/wp\/v2\/comments?post=9030"}],"version-history":[{"count":0,"href":"https:\/\/aja.pt\/en\/wp-json\/wp\/v2\/posts\/9030\/revisions"}],"wp:featuredmedia":[{"embeddable":true,"href":"https:\/\/aja.pt\/en\/wp-json\/wp\/v2\/media\/14659"}],"wp:attachment":[{"href":"https:\/\/aja.pt\/en\/wp-json\/wp\/v2\/media?parent=9030"}],"wp:term":[{"taxonomy":"category","embeddable":true,"href":"https:\/\/aja.pt\/en\/wp-json\/wp\/v2\/categories?post=9030"},{"taxonomy":"post_tag","embeddable":true,"href":"https:\/\/aja.pt\/en\/wp-json\/wp\/v2\/tags?post=9030"}],"curies":[{"name":"wp","href":"https:\/\/api.w.org\/{rel}","templated":true}]}}