{"id":9018,"date":"2009-04-23T13:54:00","date_gmt":"2009-04-23T13:54:00","guid":{"rendered":"https:\/\/aja.pt\/wp\/?p=9018"},"modified":"2022-12-02T18:46:16","modified_gmt":"2022-12-02T18:46:16","slug":"a-formiga-no-carreiro-companhia-demente-em-sobral-de-monte-agraco","status":"publish","type":"post","link":"https:\/\/aja.pt\/en\/a-formiga-no-carreiro-companhia-demente-em-sobral-de-monte-agraco\/","title":{"rendered":"A Formiga no Carreiro &#8211; Companhia DeMente em Sobral de Monte Agra\u00e7o"},"content":{"rendered":"<div align=\"justify\">Espect\u00e1culo musical constru\u00eddo sobre can\u00e7\u00f5es de Jos\u00e9 Afonso que foi criado para assinalar os 20 anos da morte deste importante marco da recente Hist\u00f3ria de Portugal, contextualizando a sua obra e o seu envolvimento pol\u00edtico e hist\u00f3rico.<\/p>\n<p>Integrado nas Comemora\u00e7\u00f5es do 35.\u00ba Anivers\u00e1rio do 25 de Abril.<\/p>\n<p>Para assistir a este espect\u00e1culo reserve o seu bilhete na Bilheteira do Cine &#8211; Teatro ou pelo telefone 261 948 321, 5.\u00aa e 6.\u00aa Feira, das 16h00 \u00e0s 19h00.<br \/>Todo o P\u00fablico<br \/>Gratuito<\/p>\n<p>Local: Cine-Teatro de Sobral de Monte Agra\u00e7o &#8211; 21h30 <\/p><\/div>\n","protected":false},"excerpt":{"rendered":"<p>Espect\u00e1culo musical constru\u00eddo sobre can\u00e7\u00f5es de Jos\u00e9 Afonso que foi criado para assinalar os 20 anos da morte deste importante marco da recente Hist\u00f3ria de Portugal, contextualizando a sua obra e o seu envolvimento pol\u00edtico e hist\u00f3rico. Integrado nas Comemora\u00e7\u00f5es do 35.\u00ba Anivers\u00e1rio do 25 de Abril. Para assistir a este espect\u00e1culo reserve o seu [&hellip;]<\/p>\n","protected":false},"author":5,"featured_media":0,"comment_status":"open","ping_status":"open","sticky":false,"template":"","format":"standard","meta":[],"categories":[131],"tags":[],"_links":{"self":[{"href":"https:\/\/aja.pt\/en\/wp-json\/wp\/v2\/posts\/9018"}],"collection":[{"href":"https:\/\/aja.pt\/en\/wp-json\/wp\/v2\/posts"}],"about":[{"href":"https:\/\/aja.pt\/en\/wp-json\/wp\/v2\/types\/post"}],"author":[{"embeddable":true,"href":"https:\/\/aja.pt\/en\/wp-json\/wp\/v2\/users\/5"}],"replies":[{"embeddable":true,"href":"https:\/\/aja.pt\/en\/wp-json\/wp\/v2\/comments?post=9018"}],"version-history":[{"count":1,"href":"https:\/\/aja.pt\/en\/wp-json\/wp\/v2\/posts\/9018\/revisions"}],"predecessor-version":[{"id":42016,"href":"https:\/\/aja.pt\/en\/wp-json\/wp\/v2\/posts\/9018\/revisions\/42016"}],"wp:attachment":[{"href":"https:\/\/aja.pt\/en\/wp-json\/wp\/v2\/media?parent=9018"}],"wp:term":[{"taxonomy":"category","embeddable":true,"href":"https:\/\/aja.pt\/en\/wp-json\/wp\/v2\/categories?post=9018"},{"taxonomy":"post_tag","embeddable":true,"href":"https:\/\/aja.pt\/en\/wp-json\/wp\/v2\/tags?post=9018"}],"curies":[{"name":"wp","href":"https:\/\/api.w.org\/{rel}","templated":true}]}}