{"id":9014,"date":"2009-04-22T07:12:00","date_gmt":"2009-04-22T07:12:00","guid":{"rendered":"https:\/\/aja.pt\/wp\/?p=9014"},"modified":"2021-12-17T11:39:07","modified_gmt":"2021-12-17T11:39:07","slug":"sessao-evocativa-de-jose-afonso-na-nazare","status":"publish","type":"post","link":"https:\/\/aja.pt\/en\/sessao-evocativa-de-jose-afonso-na-nazare\/","title":{"rendered":"Sess\u00e3o evocativa de Jos\u00e9 Afonso na Nazar\u00e9"},"content":{"rendered":"<div align=\"justify\">Amanh\u00e3, dia 22, a Biblioteca Municipal da Nazar\u00e9 acolhe uma sess\u00e3o evocativa de Jos\u00e9 Afonso, que vai contar com a presen\u00e7a da filha do cantor, Helena.<\/p>\n<p>Numa iniciativa pensada sobretudo para os alunos do Externato D. Fuas Roupinho, mas aberta a todos os interessados, ser\u00e3o cantados alguns dos temas mais emblem\u00e1ticos do cantor de interven\u00e7\u00e3o. A apresenta\u00e7\u00e3o de alguns elementos biogr\u00e1ficos de Zeca Afonso comp\u00f5em esta evoca\u00e7\u00e3o de um dos mais importantes compositores e int\u00e9rpretes portugueses do s\u00e9culo XX.<\/p>\n<p>Esta sess\u00e3o, que se realiza \u00e0s 15h00, ocorre em v\u00e9speras das comemora\u00e7\u00f5es do 25 de Abril, para sempre marcado pela m\u00fasica &#8220;Gr\u00e2ndola Vila Morena&#8221; do pr\u00f3prio Jos\u00e9 Afonso.<\/p><\/div>\n","protected":false},"excerpt":{"rendered":"<p>Amanh\u00e3, dia 22, a Biblioteca Municipal da Nazar\u00e9 acolhe uma sess\u00e3o evocativa de Jos\u00e9 Afonso, que vai contar com a presen\u00e7a da filha do cantor, Helena. Numa iniciativa pensada sobretudo para os alunos do Externato D. Fuas Roupinho, mas aberta a todos os interessados, ser\u00e3o cantados alguns dos temas mais emblem\u00e1ticos do cantor de interven\u00e7\u00e3o. [&hellip;]<\/p>\n","protected":false},"author":5,"featured_media":0,"comment_status":"open","ping_status":"open","sticky":false,"template":"","format":"standard","meta":[],"categories":[240],"tags":[],"_links":{"self":[{"href":"https:\/\/aja.pt\/en\/wp-json\/wp\/v2\/posts\/9014"}],"collection":[{"href":"https:\/\/aja.pt\/en\/wp-json\/wp\/v2\/posts"}],"about":[{"href":"https:\/\/aja.pt\/en\/wp-json\/wp\/v2\/types\/post"}],"author":[{"embeddable":true,"href":"https:\/\/aja.pt\/en\/wp-json\/wp\/v2\/users\/5"}],"replies":[{"embeddable":true,"href":"https:\/\/aja.pt\/en\/wp-json\/wp\/v2\/comments?post=9014"}],"version-history":[{"count":0,"href":"https:\/\/aja.pt\/en\/wp-json\/wp\/v2\/posts\/9014\/revisions"}],"wp:attachment":[{"href":"https:\/\/aja.pt\/en\/wp-json\/wp\/v2\/media?parent=9014"}],"wp:term":[{"taxonomy":"category","embeddable":true,"href":"https:\/\/aja.pt\/en\/wp-json\/wp\/v2\/categories?post=9014"},{"taxonomy":"post_tag","embeddable":true,"href":"https:\/\/aja.pt\/en\/wp-json\/wp\/v2\/tags?post=9014"}],"curies":[{"name":"wp","href":"https:\/\/api.w.org\/{rel}","templated":true}]}}