{"id":8959,"date":"2009-04-05T15:54:00","date_gmt":"2009-04-05T15:54:00","guid":{"rendered":"https:\/\/aja.pt\/wp\/?p=8959"},"modified":"2021-12-17T11:39:07","modified_gmt":"2021-12-17T11:39:07","slug":"jose-afonso-em-exposicao","status":"publish","type":"post","link":"https:\/\/aja.pt\/en\/jose-afonso-em-exposicao\/","title":{"rendered":"Jos\u00e9 Afonso em exposi\u00e7\u00e3o"},"content":{"rendered":"<div align=\"justify\">A sala de exposi\u00e7\u00f5es tempor\u00e1rias do Museu do Sabugal vai acolher, entre 3 de Abril e 3 de Maio, uma exposi\u00e7\u00e3o fotogr\u00e1fica sobre aspectos diversos da vida e obra do m\u00fasico. A mostra \u00e9 veiculada pela AJA.<\/div>\n","protected":false},"excerpt":{"rendered":"<p>A sala de exposi\u00e7\u00f5es tempor\u00e1rias do Museu do Sabugal vai acolher, entre 3 de Abril e 3 de Maio, uma exposi\u00e7\u00e3o fotogr\u00e1fica sobre aspectos diversos da vida e obra do m\u00fasico. A mostra \u00e9 veiculada pela AJA.<\/p>\n","protected":false},"author":5,"featured_media":0,"comment_status":"open","ping_status":"open","sticky":false,"template":"","format":"standard","meta":[],"categories":[76],"tags":[],"_links":{"self":[{"href":"https:\/\/aja.pt\/en\/wp-json\/wp\/v2\/posts\/8959"}],"collection":[{"href":"https:\/\/aja.pt\/en\/wp-json\/wp\/v2\/posts"}],"about":[{"href":"https:\/\/aja.pt\/en\/wp-json\/wp\/v2\/types\/post"}],"author":[{"embeddable":true,"href":"https:\/\/aja.pt\/en\/wp-json\/wp\/v2\/users\/5"}],"replies":[{"embeddable":true,"href":"https:\/\/aja.pt\/en\/wp-json\/wp\/v2\/comments?post=8959"}],"version-history":[{"count":0,"href":"https:\/\/aja.pt\/en\/wp-json\/wp\/v2\/posts\/8959\/revisions"}],"wp:attachment":[{"href":"https:\/\/aja.pt\/en\/wp-json\/wp\/v2\/media?parent=8959"}],"wp:term":[{"taxonomy":"category","embeddable":true,"href":"https:\/\/aja.pt\/en\/wp-json\/wp\/v2\/categories?post=8959"},{"taxonomy":"post_tag","embeddable":true,"href":"https:\/\/aja.pt\/en\/wp-json\/wp\/v2\/tags?post=8959"}],"curies":[{"name":"wp","href":"https:\/\/api.w.org\/{rel}","templated":true}]}}