{"id":8957,"date":"2009-04-05T15:47:00","date_gmt":"2009-04-05T15:47:00","guid":{"rendered":"https:\/\/aja.pt\/wp\/?p=8957"},"modified":"2021-12-17T11:39:07","modified_gmt":"2021-12-17T11:39:07","slug":"recordar-zeca-afonso","status":"publish","type":"post","link":"https:\/\/aja.pt\/en\/recordar-zeca-afonso\/","title":{"rendered":"Recordar Zeca Afonso"},"content":{"rendered":"<p><a href=\"http:\/\/2.bp.blogspot.com\/_uSakL4fZ7Cs\/SdjTBeW6VkI\/AAAAAAAAAXo\/VMN9tLRh5Xk\/s1600-h\/441_recordar_zeca_afonso.jpg\"><img alt=\"\" border=\"0\" id=\"BLOGGER_PHOTO_ID_5321234982020732482\" src=\"http:\/\/2.bp.blogspot.com\/_uSakL4fZ7Cs\/SdjTBeW6VkI\/AAAAAAAAAXo\/VMN9tLRh5Xk\/s400\/441_recordar_zeca_afonso.jpg\" style=\"cursor: hand; display: block; height: 92px; margin: 0px auto 10px; text-align: center; width: 130px;\" \/><\/a>&#8220;Recordar Zeca Afonso&#8221;<br \/>Espect\u00e1culo musical com V\u00edtor Almeida e Silva, pelas 15h, no dia 26 de Abril, em Alenquer.<br \/>Local: Audit\u00f3rio Dami\u00e3o de G\u00f3is<\/p>\n","protected":false},"excerpt":{"rendered":"<p>&#8220;Recordar Zeca Afonso&#8221;Espect\u00e1culo musical com V\u00edtor Almeida e Silva, pelas 15h, no dia 26 de Abril, em Alenquer.Local: Audit\u00f3rio Dami\u00e3o de G\u00f3is<\/p>\n","protected":false},"author":5,"featured_media":8958,"comment_status":"open","ping_status":"open","sticky":false,"template":"","format":"standard","meta":[],"categories":[240],"tags":[],"_links":{"self":[{"href":"https:\/\/aja.pt\/en\/wp-json\/wp\/v2\/posts\/8957"}],"collection":[{"href":"https:\/\/aja.pt\/en\/wp-json\/wp\/v2\/posts"}],"about":[{"href":"https:\/\/aja.pt\/en\/wp-json\/wp\/v2\/types\/post"}],"author":[{"embeddable":true,"href":"https:\/\/aja.pt\/en\/wp-json\/wp\/v2\/users\/5"}],"replies":[{"embeddable":true,"href":"https:\/\/aja.pt\/en\/wp-json\/wp\/v2\/comments?post=8957"}],"version-history":[{"count":0,"href":"https:\/\/aja.pt\/en\/wp-json\/wp\/v2\/posts\/8957\/revisions"}],"wp:featuredmedia":[{"embeddable":true,"href":"https:\/\/aja.pt\/en\/wp-json\/wp\/v2\/media\/8958"}],"wp:attachment":[{"href":"https:\/\/aja.pt\/en\/wp-json\/wp\/v2\/media?parent=8957"}],"wp:term":[{"taxonomy":"category","embeddable":true,"href":"https:\/\/aja.pt\/en\/wp-json\/wp\/v2\/categories?post=8957"},{"taxonomy":"post_tag","embeddable":true,"href":"https:\/\/aja.pt\/en\/wp-json\/wp\/v2\/tags?post=8957"}],"curies":[{"name":"wp","href":"https:\/\/api.w.org\/{rel}","templated":true}]}}