{"id":8576,"date":"2008-04-13T22:19:00","date_gmt":"2008-04-13T22:19:00","guid":{"rendered":"https:\/\/aja.pt\/wp\/?p=8576"},"modified":"2021-12-17T11:39:31","modified_gmt":"2021-12-17T11:39:31","slug":"a-aja-norte-participa-no-fazer-a-festa-festival-internacional-de-teatro","status":"publish","type":"post","link":"https:\/\/aja.pt\/en\/a-aja-norte-participa-no-fazer-a-festa-festival-internacional-de-teatro\/","title":{"rendered":"A AJA Norte participa no &#8220;Fazer a Festa &#8211; Festival Internacional de Teatro&#8221;"},"content":{"rendered":"<div align=\"justify\">O Canto de Interven\u00e7\u00e3o, intensificado em Portugal sobretudo nos anos 60 e 70 do s\u00e9culo XX, n\u00e3o \u00e9 um fen\u00f3meno recente ou j\u00e1 extinto, nem t\u00e3o pouco limitado ao espa\u00e7o geogr\u00e1fico de um pa\u00eds. O n\u00facleo do Norte da Associa\u00e7\u00e3o Jos\u00e9 Afonso apresenta, numa sess\u00e3o de cerca de hora e meia, uma viagem pelos principais cantautores portugueses (e n\u00e3o s\u00f3), contextualizando o seu papel na m\u00fasica e sociedade portuguesas e interpretando algumas das suas m\u00fasicas e poesias mais marcantes. A segunda parte da sess\u00e3o conta com a participa\u00e7\u00e3o de Tino Flores, um dos protagonistas de um dos per\u00edodos mais f\u00e9rteis do Canto de Interven\u00e7\u00e3o em portugu\u00eas.<\/p>\n[interpreta\u00e7\u00e3o ANA AFONSO, ANA RIBEIRO, GABRIELA MARQUES, PAULO ESPERAN\u00c7A, TINO FLORES, JOS\u00c9 LU\u00cdS GUIMAR\u00c3ES ]\n<p>dia 25 Abril, sexta-feira &#8211; 23.30h<br \/>classifica\u00e7\u00e3o et\u00e1ria M\/12 dura\u00e7\u00e3o 90 minutos<br \/>Tenda Caf\u00e9-Teatro no Pal\u00e1cio de Cristal <\/div>\n<div align=\"justify\"> <\/div>\n<div align=\"justify\"><a href=\"http:\/\/www.teatroartimagem.org\/\">Mais informa\u00e7\u00e3o aqui<\/a><\/div>\n","protected":false},"excerpt":{"rendered":"<p>O Canto de Interven\u00e7\u00e3o, intensificado em Portugal sobretudo nos anos 60 e 70 do s\u00e9culo XX, n\u00e3o \u00e9 um fen\u00f3meno recente ou j\u00e1 extinto, nem t\u00e3o pouco limitado ao espa\u00e7o geogr\u00e1fico de um pa\u00eds. O n\u00facleo do Norte da Associa\u00e7\u00e3o Jos\u00e9 Afonso apresenta, numa sess\u00e3o de cerca de hora e meia, uma viagem pelos principais [&hellip;]<\/p>\n","protected":false},"author":5,"featured_media":0,"comment_status":"open","ping_status":"open","sticky":false,"template":"","format":"standard","meta":[],"categories":[89],"tags":[],"_links":{"self":[{"href":"https:\/\/aja.pt\/en\/wp-json\/wp\/v2\/posts\/8576"}],"collection":[{"href":"https:\/\/aja.pt\/en\/wp-json\/wp\/v2\/posts"}],"about":[{"href":"https:\/\/aja.pt\/en\/wp-json\/wp\/v2\/types\/post"}],"author":[{"embeddable":true,"href":"https:\/\/aja.pt\/en\/wp-json\/wp\/v2\/users\/5"}],"replies":[{"embeddable":true,"href":"https:\/\/aja.pt\/en\/wp-json\/wp\/v2\/comments?post=8576"}],"version-history":[{"count":0,"href":"https:\/\/aja.pt\/en\/wp-json\/wp\/v2\/posts\/8576\/revisions"}],"wp:attachment":[{"href":"https:\/\/aja.pt\/en\/wp-json\/wp\/v2\/media?parent=8576"}],"wp:term":[{"taxonomy":"category","embeddable":true,"href":"https:\/\/aja.pt\/en\/wp-json\/wp\/v2\/categories?post=8576"},{"taxonomy":"post_tag","embeddable":true,"href":"https:\/\/aja.pt\/en\/wp-json\/wp\/v2\/tags?post=8576"}],"curies":[{"name":"wp","href":"https:\/\/api.w.org\/{rel}","templated":true}]}}