{"id":8568,"date":"2008-04-10T16:48:00","date_gmt":"2008-04-10T16:48:00","guid":{"rendered":"https:\/\/aja.pt\/wp\/?p=8568"},"modified":"2022-12-02T18:48:24","modified_gmt":"2022-12-02T18:48:24","slug":"que-viva-o-zeca-em-elvas","status":"publish","type":"post","link":"https:\/\/aja.pt\/en\/que-viva-o-zeca-em-elvas\/","title":{"rendered":"&#8220;QUE VIVA O ZECA&#8221; em Elvas"},"content":{"rendered":"<div align=\"justify\">No pr\u00f3ximo dia 25 de Abril, o espect\u00e1culo &#8220;QUE VIVA O ZECA&#8221;, ser\u00e1 apresentado no Cine Teatro de Elvas, a partir das 22 horas. Este espect\u00e1culo foi criado em 2007 pelo Grupo Erva de Cheiro, assinalando os 20 anos da morte de Jos\u00e9 Afonso.<br \/>Para al\u00e9m dos 20 temas do Zeca, que s\u00e3o tocados e cantados, tamb\u00e9m se relembra o seu exemplo de vida, enquanto cidad\u00e3o de causas e valores, atrav\u00e9s de um gui\u00e3o acompanhado por imagens. Um trabalho que deu origem \u00e0 edi\u00e7\u00e3o de um CD e pretende manter-se em palco sempre que solicitado.<br \/>Este espect\u00e1culo \u00e9 promovido pela Camara Municipal de Elvas e comemora assim os 34 anos do 25 de Abril.<\/div>\n","protected":false},"excerpt":{"rendered":"<p>No pr\u00f3ximo dia 25 de Abril, o espect\u00e1culo &#8220;QUE VIVA O ZECA&#8221;, ser\u00e1 apresentado no Cine Teatro de Elvas, a partir das 22 horas. Este espect\u00e1culo foi criado em 2007 pelo Grupo Erva de Cheiro, assinalando os 20 anos da morte de Jos\u00e9 Afonso.Para al\u00e9m dos 20 temas do Zeca, que s\u00e3o tocados e cantados, [&hellip;]<\/p>\n","protected":false},"author":5,"featured_media":0,"comment_status":"open","ping_status":"open","sticky":false,"template":"","format":"standard","meta":[],"categories":[131],"tags":[],"_links":{"self":[{"href":"https:\/\/aja.pt\/en\/wp-json\/wp\/v2\/posts\/8568"}],"collection":[{"href":"https:\/\/aja.pt\/en\/wp-json\/wp\/v2\/posts"}],"about":[{"href":"https:\/\/aja.pt\/en\/wp-json\/wp\/v2\/types\/post"}],"author":[{"embeddable":true,"href":"https:\/\/aja.pt\/en\/wp-json\/wp\/v2\/users\/5"}],"replies":[{"embeddable":true,"href":"https:\/\/aja.pt\/en\/wp-json\/wp\/v2\/comments?post=8568"}],"version-history":[{"count":1,"href":"https:\/\/aja.pt\/en\/wp-json\/wp\/v2\/posts\/8568\/revisions"}],"predecessor-version":[{"id":42023,"href":"https:\/\/aja.pt\/en\/wp-json\/wp\/v2\/posts\/8568\/revisions\/42023"}],"wp:attachment":[{"href":"https:\/\/aja.pt\/en\/wp-json\/wp\/v2\/media?parent=8568"}],"wp:term":[{"taxonomy":"category","embeddable":true,"href":"https:\/\/aja.pt\/en\/wp-json\/wp\/v2\/categories?post=8568"},{"taxonomy":"post_tag","embeddable":true,"href":"https:\/\/aja.pt\/en\/wp-json\/wp\/v2\/tags?post=8568"}],"curies":[{"name":"wp","href":"https:\/\/api.w.org\/{rel}","templated":true}]}}