{"id":8566,"date":"2008-04-09T10:01:00","date_gmt":"2008-04-09T10:01:00","guid":{"rendered":"https:\/\/aja.pt\/wp\/?p=8566"},"modified":"2021-12-17T11:39:31","modified_gmt":"2021-12-17T11:39:31","slug":"traz-outro-amigo-tambem-em-torres-vedras","status":"publish","type":"post","link":"https:\/\/aja.pt\/en\/traz-outro-amigo-tambem-em-torres-vedras\/","title":{"rendered":"&#8220;Traz outro amigo tamb\u00e9m&#8221; em Torres Vedras"},"content":{"rendered":"<p><a href=\"http:\/\/2.bp.blogspot.com\/_NeDJGBTlLoA\/R_yUHjUNrgI\/AAAAAAAABts\/5Bdc8WNTbTY\/s1600-h\/untitled.JPG\"><img alt=\"\" border=\"0\" id=\"BLOGGER_PHOTO_ID_5187183728283987458\" src=\"http:\/\/2.bp.blogspot.com\/_NeDJGBTlLoA\/R_yUHjUNrgI\/AAAAAAAABts\/5Bdc8WNTbTY\/s400\/untitled.JPG\" style=\"cursor: hand; display: block; margin: 0px auto 10px; text-align: center;\" \/><\/a><\/p>\n<div align=\"justify\">O Espect\u00e1culo tem como protagonista o pr\u00f3prio Zeca Afonso que faz um \u201cFlash Back\u201d da sua vida.<br \/>A sua m\u00fasica \u00e9 a grande protagonista deste espect\u00e1culo, sendo apresentada com roupagens variadas.<br \/>Come\u00e7a por nos falar da sua inf\u00e2ncia e leva-nos at\u00e9 \u00c1frica onde viveu com os pais e onde mais tarde voltou como professor.<br \/>Fala-nos da sua vida em Coimbra e de como isso o marcou para sempre.<br \/>Apresenta-nos alguns amigos de Coimbra: Adriano, Manuel Alegre, Rui Pato, Ant\u00f3nio Portugal e Durval Moreirinhas.<br \/>Conta-nos como surgiu a \u201cTrova do Vento que Passa\u201d e fala da PIDE.<br \/>Fala das suas incurs\u00f5es pela prov\u00edncia onde cantava com o grupo de Coimbra nas colectividades populares.<br \/>Outros amigos surgem neste meio das cantigas: O Jos\u00e9 M\u00e1rio Branco, O S\u00e9rgio Godinho, o Fausto, o Vitorino, o Manuel Freire, o Janita, o J\u00falio Pereira, o Fanhais\u2026<br \/>D\u00e1-se o 25 de Abril e a sua m\u00fasica ganha uma dimens\u00e3o mais interventiva, embora ele evite alinhamentos partid\u00e1rios que o comprometam.<br \/>Reconstituir\u00e1 os principais momentos da madrugada e do dia 25 de Abril, incluindo epis\u00f3dios como o da florista que coloca cravos nos canos das G3 e da rendi\u00e7\u00e3o de Marcelo Caetano.<br \/>A sua m\u00fasica amadurece e vem tamb\u00e9m a desilus\u00e3o pelo rumo que a \u201cRevolu\u00e7\u00e3o\u201d tomou.<br \/>Aqui assistiremos a uma sess\u00e3o de Canto Livre.<br \/>Conta-nos alguns epis\u00f3dios que marcaram esta fase da sua vida.<br \/>J\u00e1 a caminhar para o final do seu relato fala da sua vida de \u201cAndarilho das Cantigas\u201d at\u00e9 \u00e0s homenagens p\u00f3stumas, terminando a dizer que trocaria todas essas homenagens pela realiza\u00e7\u00e3o da sua \u201cUtopia\u201d.<br \/>Termina com toda a gente em palco apelando \u00e0 unidade para realizar a \u201cUtopia\u201d cantando: \u201cTraz outro amigo Tamb\u00e9m\u201d.<\/p>\n<p>Pinto Gon\u00e7alves<\/p><\/div>\n","protected":false},"excerpt":{"rendered":"<p>O Espect\u00e1culo tem como protagonista o pr\u00f3prio Zeca Afonso que faz um \u201cFlash Back\u201d da sua vida.A sua m\u00fasica \u00e9 a grande protagonista deste espect\u00e1culo, sendo apresentada com roupagens variadas.Come\u00e7a por nos falar da sua inf\u00e2ncia e leva-nos at\u00e9 \u00c1frica onde viveu com os pais e onde mais tarde voltou como professor.Fala-nos da sua vida [&hellip;]<\/p>\n","protected":false},"author":5,"featured_media":8567,"comment_status":"open","ping_status":"open","sticky":false,"template":"","format":"standard","meta":[],"categories":[216],"tags":[],"_links":{"self":[{"href":"https:\/\/aja.pt\/en\/wp-json\/wp\/v2\/posts\/8566"}],"collection":[{"href":"https:\/\/aja.pt\/en\/wp-json\/wp\/v2\/posts"}],"about":[{"href":"https:\/\/aja.pt\/en\/wp-json\/wp\/v2\/types\/post"}],"author":[{"embeddable":true,"href":"https:\/\/aja.pt\/en\/wp-json\/wp\/v2\/users\/5"}],"replies":[{"embeddable":true,"href":"https:\/\/aja.pt\/en\/wp-json\/wp\/v2\/comments?post=8566"}],"version-history":[{"count":0,"href":"https:\/\/aja.pt\/en\/wp-json\/wp\/v2\/posts\/8566\/revisions"}],"wp:featuredmedia":[{"embeddable":true,"href":"https:\/\/aja.pt\/en\/wp-json\/wp\/v2\/media\/8567"}],"wp:attachment":[{"href":"https:\/\/aja.pt\/en\/wp-json\/wp\/v2\/media?parent=8566"}],"wp:term":[{"taxonomy":"category","embeddable":true,"href":"https:\/\/aja.pt\/en\/wp-json\/wp\/v2\/categories?post=8566"},{"taxonomy":"post_tag","embeddable":true,"href":"https:\/\/aja.pt\/en\/wp-json\/wp\/v2\/tags?post=8566"}],"curies":[{"name":"wp","href":"https:\/\/api.w.org\/{rel}","templated":true}]}}