{"id":8201,"date":"2007-07-30T23:37:00","date_gmt":"2007-07-30T23:37:00","guid":{"rendered":"https:\/\/aja.pt\/wp\/?p=8201"},"modified":"2021-12-17T11:39:47","modified_gmt":"2021-12-17T11:39:47","slug":"jose-afonso-e-coimbra-na-casa-municipal-da-cultura-de-coimbra","status":"publish","type":"post","link":"https:\/\/aja.pt\/en\/jose-afonso-e-coimbra-na-casa-municipal-da-cultura-de-coimbra\/","title":{"rendered":"&#8220;Jos\u00e9 Afonso e Coimbra\u201d na Casa Municipal da Cultura de Coimbra"},"content":{"rendered":"<div align=\"justify\">A Galeria Ferrer Correia, da Casa Municipal da Cultura acolhe, a partir do pr\u00f3ximo dia 2, uma exposi\u00e7\u00e3o fotogr\u00e1fica e biodiscogr\u00e1fica evocativa de Jos\u00e9 Afonso.<br \/>O per\u00edodo evocado na mostra que ser\u00e1 inagurada quinta-feira, pelas 18H30, compreende o tempo em que Zeca Afonso esteve em Coimbra, quer como estudante do liceu e da Faculdade de Letras, quer como cantor, autor e compositor musicalmente ligado aos sons matricialmente identific\u00e1veis com a can\u00e7\u00e3o de Coimbra.<br \/>Jos\u00e9 Afonso nasceu em Aveiro, a 2 de Agosto de 1929, e faleceu em Set\u00fabal, a 23 de Fevereiro de 1987, com 57 anos de idade.<br \/>Chegou a Coimbra em 1940 para frequentar o ensino liceal e, no ano lectivo de 1949\/50, matriculou-se na Universidade de Coimbra, vindo a licenciar-se em Hist\u00f3rico-filos\u00f3ficas, em 3 de Novembro de 1961.<br \/>Come\u00e7ou a cantar ainda estudante de liceu e, em 1953, gravou os seus dois primeiros discos de 78 rpm para a editora \u201cAlvorada\u201d.<br \/>Depois de algumas grava\u00e7\u00f5es de temas mais tradicionais de Coimbra revitaliza, a partir de 1961, a Balada como g\u00e9nero musical ligado \u00e0 Can\u00e7\u00e3o Coimbr\u00e3.<br \/>\u00c9 com o viola Rui Pato que grava a sua fase mais l\u00edrica das baladas, embora surja, em 1963, o seu primeiro tema de forte interven\u00e7\u00e3o musical, \u201cMenino do Bairro Negro\u201d. At\u00e9 1969, gravou sempre acompanhado por Rui Pato.<br \/>\u00c9 este per\u00edodo que agora ser\u00e1 alvo de evoca\u00e7\u00e3o por v\u00e1rios n\u00facleos de servi\u00e7os que comp\u00f5em a Biblioteca Municipal de Coimbra. A exposi\u00e7\u00e3o vai estar patente at\u00e9 ao dia 8 de Setembro, de segunda a sexta-feira, entre as 09H00 e as 18H30.<\/p>\n<p>Retirado do <a href=\"http:\/\/www.asbeiras.pt\/index2.php?area=cultura&amp;numero=47018&amp;ed=31072007\">Di\u00e1rio &#8220;As Beiras&#8221; <\/a><\/div>\n","protected":false},"excerpt":{"rendered":"<p>A Galeria Ferrer Correia, da Casa Municipal da Cultura acolhe, a partir do pr\u00f3ximo dia 2, uma exposi\u00e7\u00e3o fotogr\u00e1fica e biodiscogr\u00e1fica evocativa de Jos\u00e9 Afonso.O per\u00edodo evocado na mostra que ser\u00e1 inagurada quinta-feira, pelas 18H30, compreende o tempo em que Zeca Afonso esteve em Coimbra, quer como estudante do liceu e da Faculdade de Letras, [&hellip;]<\/p>\n","protected":false},"author":5,"featured_media":0,"comment_status":"open","ping_status":"open","sticky":false,"template":"","format":"standard","meta":[],"categories":[165,91],"tags":[],"_links":{"self":[{"href":"https:\/\/aja.pt\/en\/wp-json\/wp\/v2\/posts\/8201"}],"collection":[{"href":"https:\/\/aja.pt\/en\/wp-json\/wp\/v2\/posts"}],"about":[{"href":"https:\/\/aja.pt\/en\/wp-json\/wp\/v2\/types\/post"}],"author":[{"embeddable":true,"href":"https:\/\/aja.pt\/en\/wp-json\/wp\/v2\/users\/5"}],"replies":[{"embeddable":true,"href":"https:\/\/aja.pt\/en\/wp-json\/wp\/v2\/comments?post=8201"}],"version-history":[{"count":0,"href":"https:\/\/aja.pt\/en\/wp-json\/wp\/v2\/posts\/8201\/revisions"}],"wp:attachment":[{"href":"https:\/\/aja.pt\/en\/wp-json\/wp\/v2\/media?parent=8201"}],"wp:term":[{"taxonomy":"category","embeddable":true,"href":"https:\/\/aja.pt\/en\/wp-json\/wp\/v2\/categories?post=8201"},{"taxonomy":"post_tag","embeddable":true,"href":"https:\/\/aja.pt\/en\/wp-json\/wp\/v2\/tags?post=8201"}],"curies":[{"name":"wp","href":"https:\/\/api.w.org\/{rel}","templated":true}]}}