{"id":7771,"date":"2007-02-28T08:09:00","date_gmt":"2007-02-28T08:09:00","guid":{"rendered":"https:\/\/aja.pt\/wp\/?p=7771"},"modified":"2021-12-17T11:40:05","modified_gmt":"2021-12-17T11:40:05","slug":"somos-nos-os-teus-cantores","status":"publish","type":"post","link":"https:\/\/aja.pt\/en\/somos-nos-os-teus-cantores\/","title":{"rendered":"Somos n\u00f3s os teus cantores"},"content":{"rendered":"<div align=\"justify\">-O Zeca Morreu! \u2013 Foram as palavras que meu pai, apoiado na janela, disse como num desabafo. Eu apenas sabia que o Zeca que s\u00f3 mais tarde se me mostrou Jos\u00e9 Afonso era uma voz sa\u00edda do aparelho de m\u00fasica todos os s\u00e1bados de manha e um incomodo um quase descontentamento se me dava caso n\u00e3o a ouvia. No despontar de minha inf\u00e2ncia o Zeca era aquele cantor que fazia os olhos de meu pai olharem longe, alcan\u00e7ando horizontes que ainda n\u00e3o compreendia. Por isso aquela noticia se anunciou estranha, era como se por algum motivo o disco n\u00e3o mais fosse girar e aquela cantiga t\u00e3o bela n\u00e3o mais soasse. \u2013 Foi o nosso cantor! \u2013 Foi a \u00fanica frase solu\u00e7ante que at\u00e9 hoje ouvi de meu pai, que laconicamente deslocou a agulha encontrando o disco em movimento. Maio maduro Maio quem te pintou, quem te quebrou o encanto nunca te amou\u2026num gesto quase de imita\u00e7\u00e3o sentei-me a janela olhando o horizonte e imaginando que o Zeca era o meu cantor, que naquele momento apenas eu e meu pai o ouviam. O horizonte t\u00e3o quotidiano como que se pintou e eu via l\u00e1 longe uma falua que vinha l\u00e1 de Istambul, e Maio para mim, que nem sabia de cor os meses do ano, passou a ser o melhor deles todos.        -Quem foi o Zeca pai? \u2013 Meu pai reclinado na cadeira parecia j\u00e1 adivinhar a pergunta &#8211; O Zeca foi o maior cantor e compositor portugu\u00eas, foi poeta, usou a musica como arma politica, lutou contra o fascismo\u2026foi o nosso cantor. Foi ent\u00e3o que me lembrei das discuss\u00f5es dos domingos a noite em que eu deitado provocando o gato ouvia falar de uma tal Revolu\u00e7\u00e3o, palavra a qual n\u00e3o sabia o significado mas achava bonita.Cresci ouvindo Zeca, todos os dias primaveris abrindo as janelas punha o disco \u201cVenham mais cinco\u201d ou \u201cCom as minhas tamanquinhas\u201d continuando a achar que o Zeca era o meu cantor e em segredo ia apontando letras das quais palavras saltavam enigm\u00e1ticas de minha imagina\u00e7\u00e3o. Um dia j\u00e1 mais velho passei numa loja  e vi a um canto um CD com uma m\u00e3o na capa, era do Zeca, comprei-o e trazia com um disco um livrinho que tinha fotos, fotos do Zeca. Um homem meio despenteado com olhos semi-serrados por detr\u00e1s de uns grandes \u00f3culos que a for\u00e7a da imagina\u00e7\u00e3o tentava endireitar. Durante muito anos rejeitei aquelas fotos; para mim aquela voz profunda e bela que ouvia nas can\u00e7\u00f5es n\u00e3o tinha um rosto pr\u00f3prio, talvez um vago perfil de um homem  encostado a janela. Jos\u00e9 Afonso, para mim sempre Zeca, morreu \u00e0 20 anos, tempo em que deixou de ser apenas o meu cantor, passou a ser a voz de Abril, um cantor sem igual que nos brindou com a mestria de suas composi\u00e7\u00f5es acompanhadas com a firmeza de seu car\u00e1cter. Mais do que cantor, sua obra se transcende na mensagem de inconformismo caiada de rebeldia po\u00e9tica e concisa. Ainda hoje olho o horizonte que a 20 anos o Zeca transformou e sinto que n\u00e3o morreu, vive hoje e sempre na obra e em sua imagem inalter\u00e1vel. \u00c9 tempo de se ouvir Zeca Afonso, ouvi-lo em casa, nas escolas e universidades, nas r\u00e1dios e televis\u00f5es, ouvi-lo sobretudo em nossa t\u00e3o \u00edntima realidade pois hoje somos n\u00f3s os teus cantores!<\/p>\n<\/div>\n<div align=\"justify\"><\/div>\n<div align=\"justify\">Adriano Campos<\/div>\n","protected":false},"excerpt":{"rendered":"<p>-O Zeca Morreu! \u2013 Foram as palavras que meu pai, apoiado na janela, disse como num desabafo. Eu apenas sabia que o Zeca que s\u00f3 mais tarde se me mostrou Jos\u00e9 Afonso era uma voz sa\u00edda do aparelho de m\u00fasica todos os s\u00e1bados de manha e um incomodo um quase descontentamento se me dava caso [&hellip;]<\/p>\n","protected":false},"author":5,"featured_media":0,"comment_status":"open","ping_status":"open","sticky":false,"template":"","format":"standard","meta":[],"categories":[77],"tags":[],"_links":{"self":[{"href":"https:\/\/aja.pt\/en\/wp-json\/wp\/v2\/posts\/7771"}],"collection":[{"href":"https:\/\/aja.pt\/en\/wp-json\/wp\/v2\/posts"}],"about":[{"href":"https:\/\/aja.pt\/en\/wp-json\/wp\/v2\/types\/post"}],"author":[{"embeddable":true,"href":"https:\/\/aja.pt\/en\/wp-json\/wp\/v2\/users\/5"}],"replies":[{"embeddable":true,"href":"https:\/\/aja.pt\/en\/wp-json\/wp\/v2\/comments?post=7771"}],"version-history":[{"count":0,"href":"https:\/\/aja.pt\/en\/wp-json\/wp\/v2\/posts\/7771\/revisions"}],"wp:attachment":[{"href":"https:\/\/aja.pt\/en\/wp-json\/wp\/v2\/media?parent=7771"}],"wp:term":[{"taxonomy":"category","embeddable":true,"href":"https:\/\/aja.pt\/en\/wp-json\/wp\/v2\/categories?post=7771"},{"taxonomy":"post_tag","embeddable":true,"href":"https:\/\/aja.pt\/en\/wp-json\/wp\/v2\/tags?post=7771"}],"curies":[{"name":"wp","href":"https:\/\/api.w.org\/{rel}","templated":true}]}}