{"id":7767,"date":"2007-02-28T08:02:00","date_gmt":"2007-02-28T08:02:00","guid":{"rendered":"https:\/\/aja.pt\/wp\/?p=7767"},"modified":"2021-12-17T11:40:05","modified_gmt":"2021-12-17T11:40:05","slug":"na-memoria-de-todos","status":"publish","type":"post","link":"https:\/\/aja.pt\/en\/na-memoria-de-todos\/","title":{"rendered":"Na mem\u00f3ria de todos"},"content":{"rendered":"<p><a href=\"http:\/\/4.bp.blogspot.com\/_NeDJGBTlLoA\/ReU3D8sdXEI\/AAAAAAAAARs\/lqaroH0uxQk\/s1600-h\/Jose%2BAfonso%2BD%2BBeiras%2B26-2-2007%2BL%2BAlmedina.jpg\"><img alt=\"\" border=\"0\" id=\"BLOGGER_PHOTO_ID_5036492299255503938\" src=\"http:\/\/4.bp.blogspot.com\/_NeDJGBTlLoA\/ReU3D8sdXEI\/AAAAAAAAARs\/lqaroH0uxQk\/s400\/Jose%252BAfonso%252BD%252BBeiras%252B26-2-2007%252BL%252BAlmedina.jpg\" style=\"cursor: hand; display: block; margin: 0px auto 10px; text-align: center;\" \/><\/a><br \/>Jos\u00e9 Afonso recordado na Livraria Almedina. Not\u00edcia do Di\u00e1rio as Beiras de 26-2-2007, com texto de Vasco Garcia.<\/p>\n<p>Retirado do blog <a href=\"http:\/\/guitarradecoimbra.blogspot.com\/\">http:\/\/guitarradecoimbra.blogspot.com<\/a><\/p>\n","protected":false},"excerpt":{"rendered":"<p>Jos\u00e9 Afonso recordado na Livraria Almedina. Not\u00edcia do Di\u00e1rio as Beiras de 26-2-2007, com texto de Vasco Garcia. Retirado do blog http:\/\/guitarradecoimbra.blogspot.com<\/p>\n","protected":false},"author":5,"featured_media":7768,"comment_status":"open","ping_status":"open","sticky":false,"template":"","format":"standard","meta":[],"categories":[91],"tags":[],"_links":{"self":[{"href":"https:\/\/aja.pt\/en\/wp-json\/wp\/v2\/posts\/7767"}],"collection":[{"href":"https:\/\/aja.pt\/en\/wp-json\/wp\/v2\/posts"}],"about":[{"href":"https:\/\/aja.pt\/en\/wp-json\/wp\/v2\/types\/post"}],"author":[{"embeddable":true,"href":"https:\/\/aja.pt\/en\/wp-json\/wp\/v2\/users\/5"}],"replies":[{"embeddable":true,"href":"https:\/\/aja.pt\/en\/wp-json\/wp\/v2\/comments?post=7767"}],"version-history":[{"count":0,"href":"https:\/\/aja.pt\/en\/wp-json\/wp\/v2\/posts\/7767\/revisions"}],"wp:featuredmedia":[{"embeddable":true,"href":"https:\/\/aja.pt\/en\/wp-json\/wp\/v2\/media\/7768"}],"wp:attachment":[{"href":"https:\/\/aja.pt\/en\/wp-json\/wp\/v2\/media?parent=7767"}],"wp:term":[{"taxonomy":"category","embeddable":true,"href":"https:\/\/aja.pt\/en\/wp-json\/wp\/v2\/categories?post=7767"},{"taxonomy":"post_tag","embeddable":true,"href":"https:\/\/aja.pt\/en\/wp-json\/wp\/v2\/tags?post=7767"}],"curies":[{"name":"wp","href":"https:\/\/api.w.org\/{rel}","templated":true}]}}