{"id":7659,"date":"2007-02-15T08:17:00","date_gmt":"2007-02-15T08:17:00","guid":{"rendered":"https:\/\/aja.pt\/wp\/?p=7659"},"modified":"2022-12-02T18:54:30","modified_gmt":"2022-12-02T18:54:30","slug":"a-formiga-no-carreiro","status":"publish","type":"post","link":"https:\/\/aja.pt\/en\/a-formiga-no-carreiro\/","title":{"rendered":"A formiga no carreiro"},"content":{"rendered":"<p><a href=\"http:\/\/1.bp.blogspot.com\/_NeDJGBTlLoA\/RdQXUDYukcI\/AAAAAAAAAHs\/fET9NX1MCco\/s1600-h\/03+cartaz.JPG\"><img alt=\"\" border=\"0\" id=\"BLOGGER_PHOTO_ID_5031672316953530818\" src=\"http:\/\/1.bp.blogspot.com\/_NeDJGBTlLoA\/RdQXUDYukcI\/AAAAAAAAAHs\/fET9NX1MCco\/s400\/03+cartaz.JPG\" style=\"cursor: hand; display: block; margin: 0px auto 10px; text-align: center;\" \/><\/a> A FORMIGA NO CARREIRO (25 Can\u00e7\u00f5es para Abril) \u00e9 um espect\u00e1culo musical constru\u00eddo sobre Can\u00e7\u00f5es de Jos\u00e9 Afonso.<\/p>\n<div align=\"justify\">Com um formato intimista (interpretado por um trio de m\u00fasicos), A FORMIGA NO CARREIRO (25 Can\u00e7\u00f5es para Abril) visa corresponder a apresenta\u00e7\u00f5es configuradas tanto para Teatros como para pequenas Salas ou Audit\u00f3rios. Contando com a Encena\u00e7\u00e3o e Gui\u00e3o de Carlos Clara Gomes (que tamb\u00e9m integra o trio de m\u00fasicos como cantor e guitarrista), A FORMIGA NO CARREIRO (25 Can\u00e7\u00f5es para Abril) pretende assinalar os 20 anos sobre a morte deste importante marco da recente Hist\u00f3ria de Portugal que foi Jos\u00e9 Afonso, enquanto contextualiza a<br \/>sua obra e o seu envolvimento pol\u00edtico e hist\u00f3rico.<br \/>Estas 25 can\u00e7\u00f5es de Abril ilustram publicamente o recriar duma mat\u00e9ria-prima cujo princ\u00edpio activos s\u00e3o pedras preciosas. Ilustrando a voca\u00e7\u00e3o internacionalista de Zeca, os restantes componentes do trio s\u00e3o o pianista angolano Andr\u00e9 Varandas e a percussionista uruguaia Sandra<br \/>Ram\u00edrez.<\/div>\n<p><strong>Companhia De Mente<br \/>Rua Moita Dianteira, Lote 4 1\u00baD, 3505-416 FRAGOSELA DE CIMA<br \/>VISEU &#8211; PORTUGAL<br \/>companhiademente@gmail.com \u2013 Tel. 232488425 \/ 919822930<\/strong><\/p>\n","protected":false},"excerpt":{"rendered":"<p>A FORMIGA NO CARREIRO (25 Can\u00e7\u00f5es para Abril) \u00e9 um espect\u00e1culo musical constru\u00eddo sobre Can\u00e7\u00f5es de Jos\u00e9 Afonso. Com um formato intimista (interpretado por um trio de m\u00fasicos), A FORMIGA NO CARREIRO (25 Can\u00e7\u00f5es para Abril) visa corresponder a apresenta\u00e7\u00f5es configuradas tanto para Teatros como para pequenas Salas ou Audit\u00f3rios. Contando com a Encena\u00e7\u00e3o e [&hellip;]<\/p>\n","protected":false},"author":5,"featured_media":7660,"comment_status":"open","ping_status":"open","sticky":false,"template":"","format":"standard","meta":[],"categories":[131],"tags":[],"_links":{"self":[{"href":"https:\/\/aja.pt\/en\/wp-json\/wp\/v2\/posts\/7659"}],"collection":[{"href":"https:\/\/aja.pt\/en\/wp-json\/wp\/v2\/posts"}],"about":[{"href":"https:\/\/aja.pt\/en\/wp-json\/wp\/v2\/types\/post"}],"author":[{"embeddable":true,"href":"https:\/\/aja.pt\/en\/wp-json\/wp\/v2\/users\/5"}],"replies":[{"embeddable":true,"href":"https:\/\/aja.pt\/en\/wp-json\/wp\/v2\/comments?post=7659"}],"version-history":[{"count":1,"href":"https:\/\/aja.pt\/en\/wp-json\/wp\/v2\/posts\/7659\/revisions"}],"predecessor-version":[{"id":42044,"href":"https:\/\/aja.pt\/en\/wp-json\/wp\/v2\/posts\/7659\/revisions\/42044"}],"wp:featuredmedia":[{"embeddable":true,"href":"https:\/\/aja.pt\/en\/wp-json\/wp\/v2\/media\/7660"}],"wp:attachment":[{"href":"https:\/\/aja.pt\/en\/wp-json\/wp\/v2\/media?parent=7659"}],"wp:term":[{"taxonomy":"category","embeddable":true,"href":"https:\/\/aja.pt\/en\/wp-json\/wp\/v2\/categories?post=7659"},{"taxonomy":"post_tag","embeddable":true,"href":"https:\/\/aja.pt\/en\/wp-json\/wp\/v2\/tags?post=7659"}],"curies":[{"name":"wp","href":"https:\/\/api.w.org\/{rel}","templated":true}]}}