{"id":7655,"date":"2007-02-14T08:15:00","date_gmt":"2007-02-14T08:15:00","guid":{"rendered":"https:\/\/aja.pt\/wp\/?p=7655"},"modified":"2021-12-17T11:40:07","modified_gmt":"2021-12-17T11:40:07","slug":"guimaraes-homenageia-jose-afonso-vinte-anos-depois-da-sua-morte","status":"publish","type":"post","link":"https:\/\/aja.pt\/en\/guimaraes-homenageia-jose-afonso-vinte-anos-depois-da-sua-morte\/","title":{"rendered":"Guimar\u00e3es homenageia Jos\u00e9 Afonso vinte anos depois da sua morte"},"content":{"rendered":"<div align=\"justify\">Durante dois dias, o Centro Cultural Vila Flor, em Guimar\u00e3es, ser\u00e1 o palco das v\u00e1rias iniciativas do programa de \u00abHomenagem a Jos\u00e9 Afonso\u00bb, organizado em parceria com outras entidades. Concertos, exposi\u00e7\u00f5es e col\u00f3quios s\u00e3o alguns dos eventos previstos, ontem anunciados em confer\u00eancia de imprensa.<\/p>\n<\/div>\n<div align=\"justify\"><strong>Goreti Teixeira<\/strong><\/div>\n<div align=\"justify\"><strong><\/strong> <\/div>\n<div align=\"justify\"><\/div>\n<div align=\"justify\">A 23 de Fevereiro de 1987, a voz daquele que ainda hoje \u00e9 considerado um dos mentores da m\u00fasica de interven\u00e7\u00e3o em Portugal deixou de se ouvir. Jos\u00e9 Afonso morreu v\u00edtima de doen\u00e7a incur\u00e1vel, mas nem por isso o legado musical que deixou se perdeu no tempo e s\u00e3o muitos os que ainda o recordam com saudade.No pr\u00f3ximo dia 23 deste m\u00eas assinalam-se 20 anos sobre a sua morte e, um pouco por todo o Pa\u00eds, s\u00e3o muitas as iniciativas que visam lembrar a data. A Oficina\/Centro Cultural Vila Flor, em Guimar\u00e3es apresentou, ontem, em confer\u00eancia de imprensa, o programa de \u00abHomenagem a Jos\u00e9 Afonso\u00bb. Em representa\u00e7\u00e3o das entidades organizadores estiveram Jos\u00e9 Bastos (A Oficina), Tino Flores (C\u00edrculo de Arte e Recreio), Paulo Esperan\u00e7a (Associa\u00e7\u00e3o Jos\u00e9 Afonso) e Rui Guimar\u00e3es (Associa\u00e7\u00e3o 25 de Abril). A programa\u00e7\u00e3o inicia-se com a exibi\u00e7\u00e3o do filme \u00abContinuar a Viver\u00bb (Os \u00cdndios da Meia Praia), no dia 20, no Cineclube de Guimar\u00e3es, pelas 22h00, sendo que os pontos altos da homenagem acontecem entre os dias 23 e 24. Assim sendo, a 23, ser\u00e1 inaugurada, no grande audit\u00f3rio, a exposi\u00e7\u00e3o \u00abO que faz falta\u00bb que incluir\u00e1 livros, discos, objectos e documentos pessoais do cantor, seguida do espect\u00e1culo teatral e musical \u00abMenino D\u2019Oiro\u00bb, com dramaturgia e encena\u00e7\u00e3o a cargo de Gil Filipe.No dia 24, pelas 15h30, a Banda Militar do Porto actua no pequeno audit\u00f3rio e, uma hora depois, Gil Filipe sobe ao palco para protagonizar a pe\u00e7a \u00abO Incorrupt\u00edvel\u00bb, de H\u00e9lder Costa. Ao final da tarde, pelas 17h30, \u00abA Vida e Obra de Jos\u00e9 Afonso\u00bb ser\u00e1 o tema central do debate que contar\u00e1 com as interven\u00e7\u00f5es de Al\u00edpio de Freitas, M\u00e1rio Barradas, Jos\u00e9 M\u00e1rio Branco, H\u00e9lder Costa e Jos\u00e9 Ant\u00f3nio Gomes. A homenagem termina com a m\u00fasica de Jos\u00e9 M\u00e1rio Branco, Am\u00e9lia Muge e Jo\u00e3o Afonso num concerto intitulado \u00abMaio Maduro Maio\u00bb, \u00e0s 21h30, no grande audit\u00f3rio. A noite conta ainda com a presen\u00e7a da poesia de Manuel de Freitas e do grupo Ardent\u00eda.Al\u00e9m do programa do CCVF, a empresa de panifica\u00e7\u00e3o Pavico e a Biblioteca Municipal Raul Brand\u00e3o protagonizam, durante todo o m\u00eas, a iniciativa \u00abP\u00e3o com Sonho\u00bb que tem distribu\u00eddo milhares de sacos de p\u00e3o com dados biogr\u00e1ficos e alguns poemas do cantautor.<\/p>\n<\/div>\n<div align=\"justify\"><\/div>\n<div align=\"justify\"><\/div>\n<div align=\"justify\"><strong>Not\u00edcia do &#8220;Primeiro de Janeiro&#8221; 14.2.07<\/strong> <\/div>\n","protected":false},"excerpt":{"rendered":"<p>Durante dois dias, o Centro Cultural Vila Flor, em Guimar\u00e3es, ser\u00e1 o palco das v\u00e1rias iniciativas do programa de \u00abHomenagem a Jos\u00e9 Afonso\u00bb, organizado em parceria com outras entidades. Concertos, exposi\u00e7\u00f5es e col\u00f3quios s\u00e3o alguns dos eventos previstos, ontem anunciados em confer\u00eancia de imprensa. Goreti Teixeira A 23 de Fevereiro de 1987, a voz daquele [&hellip;]<\/p>\n","protected":false},"author":5,"featured_media":0,"comment_status":"open","ping_status":"open","sticky":false,"template":"","format":"standard","meta":[],"categories":[160,91],"tags":[],"_links":{"self":[{"href":"https:\/\/aja.pt\/en\/wp-json\/wp\/v2\/posts\/7655"}],"collection":[{"href":"https:\/\/aja.pt\/en\/wp-json\/wp\/v2\/posts"}],"about":[{"href":"https:\/\/aja.pt\/en\/wp-json\/wp\/v2\/types\/post"}],"author":[{"embeddable":true,"href":"https:\/\/aja.pt\/en\/wp-json\/wp\/v2\/users\/5"}],"replies":[{"embeddable":true,"href":"https:\/\/aja.pt\/en\/wp-json\/wp\/v2\/comments?post=7655"}],"version-history":[{"count":0,"href":"https:\/\/aja.pt\/en\/wp-json\/wp\/v2\/posts\/7655\/revisions"}],"wp:attachment":[{"href":"https:\/\/aja.pt\/en\/wp-json\/wp\/v2\/media?parent=7655"}],"wp:term":[{"taxonomy":"category","embeddable":true,"href":"https:\/\/aja.pt\/en\/wp-json\/wp\/v2\/categories?post=7655"},{"taxonomy":"post_tag","embeddable":true,"href":"https:\/\/aja.pt\/en\/wp-json\/wp\/v2\/tags?post=7655"}],"curies":[{"name":"wp","href":"https:\/\/api.w.org\/{rel}","templated":true}]}}