{"id":7651,"date":"2007-02-13T10:30:00","date_gmt":"2007-02-13T10:30:00","guid":{"rendered":"https:\/\/aja.pt\/wp\/?p=7651"},"modified":"2021-12-17T11:40:07","modified_gmt":"2021-12-17T11:40:07","slug":"a-musica-de-zeca-num-duplo-cd","status":"publish","type":"post","link":"https:\/\/aja.pt\/en\/a-musica-de-zeca-num-duplo-cd\/","title":{"rendered":"A m\u00fasica de Zeca num duplo CD"},"content":{"rendered":"<div align=\"justify\">Dar a conhecer \u00e0s gera\u00e7\u00f5es mais novas a obra de Jos\u00e9 Afonso \u00e9 um dos objectivos da reedi\u00e7\u00e3o pela Farol de um duplo CD com 30 can\u00e7\u00f5es de Jos\u00e9 Afonso, cuja morte ocorreu h\u00e1 20 anos.Esta edi\u00e7\u00e3o, nas lojas na pr\u00f3xima semana, &#8220;\u00e9 aquela que melhor resume a carreira de Jos\u00e9 Afonso, abrangendo desde a can\u00e7\u00e3o de Coimbra \u00e0 de interven\u00e7\u00e3o pol\u00edtica&#8221;, disse \u00e0 Lusa Jo\u00e3o Miguel Almeida, director-geral da Farol.&#8221;O alinhamento da edi\u00e7\u00e3o original foi do pr\u00f3prio Zeca Afonso &#8211; esclareceu &#8211; pelo que n\u00e3o fomos autorizados a fazer altera\u00e7\u00f5es, para al\u00e9m de termos melhorado o aspecto gr\u00e1fico&#8221;. &#8220;Natal dos simples&#8221;, &#8220;Menina dos olhos tristes&#8221;, &#8220;Verdes s\u00e3o os campos&#8221;, &#8220;Eu vou ser como a toupeira&#8221;, &#8220;Coro dos tribunais&#8221; ou &#8220;Gr\u00e2ndola, vila morena&#8221;, s\u00e3o alguns dos temas inclu\u00eddos na colect\u00e2nea licenciada pela Movieplay Portuguesa \u00e0 Farol.Jo\u00e3o Miguel Almeida sublinhou &#8220;o papel pedag\u00f3gico e cultural&#8221; desta reedi\u00e7\u00e3o, na medida em que pretende &#8220;dar a conhecer \u00e0s gera\u00e7\u00f5es mais novas um marco fundamental da m\u00fasica popular portuguesa&#8221;. A edi\u00e7\u00e3o do duplo CD insere-se no projecto da editora em realizar antologias de nomes fundamentais da m\u00fasica portuguesa, explicou o mesmo respons\u00e1vel, adiantando que Fernando Tordo &#8220;\u00e9 um dos nomes na calha&#8221;.<\/div>\n<div align=\"justify\"><\/div>\n<div align=\"justify\"><\/div>\n<div align=\"justify\"><i>in<\/i> <strong>Jornal de Not\u00edcias<\/strong><\/div>\n","protected":false},"excerpt":{"rendered":"<p>Dar a conhecer \u00e0s gera\u00e7\u00f5es mais novas a obra de Jos\u00e9 Afonso \u00e9 um dos objectivos da reedi\u00e7\u00e3o pela Farol de um duplo CD com 30 can\u00e7\u00f5es de Jos\u00e9 Afonso, cuja morte ocorreu h\u00e1 20 anos.Esta edi\u00e7\u00e3o, nas lojas na pr\u00f3xima semana, &#8220;\u00e9 aquela que melhor resume a carreira de Jos\u00e9 Afonso, abrangendo desde a [&hellip;]<\/p>\n","protected":false},"author":5,"featured_media":0,"comment_status":"open","ping_status":"open","sticky":false,"template":"","format":"standard","meta":[],"categories":[115,91],"tags":[],"_links":{"self":[{"href":"https:\/\/aja.pt\/en\/wp-json\/wp\/v2\/posts\/7651"}],"collection":[{"href":"https:\/\/aja.pt\/en\/wp-json\/wp\/v2\/posts"}],"about":[{"href":"https:\/\/aja.pt\/en\/wp-json\/wp\/v2\/types\/post"}],"author":[{"embeddable":true,"href":"https:\/\/aja.pt\/en\/wp-json\/wp\/v2\/users\/5"}],"replies":[{"embeddable":true,"href":"https:\/\/aja.pt\/en\/wp-json\/wp\/v2\/comments?post=7651"}],"version-history":[{"count":0,"href":"https:\/\/aja.pt\/en\/wp-json\/wp\/v2\/posts\/7651\/revisions"}],"wp:attachment":[{"href":"https:\/\/aja.pt\/en\/wp-json\/wp\/v2\/media?parent=7651"}],"wp:term":[{"taxonomy":"category","embeddable":true,"href":"https:\/\/aja.pt\/en\/wp-json\/wp\/v2\/categories?post=7651"},{"taxonomy":"post_tag","embeddable":true,"href":"https:\/\/aja.pt\/en\/wp-json\/wp\/v2\/tags?post=7651"}],"curies":[{"name":"wp","href":"https:\/\/api.w.org\/{rel}","templated":true}]}}