{"id":7649,"date":"2007-02-13T08:56:00","date_gmt":"2007-02-13T08:56:00","guid":{"rendered":"https:\/\/aja.pt\/wp\/?p=7649"},"modified":"2021-12-17T11:40:07","modified_gmt":"2021-12-17T11:40:07","slug":"jose-afonso-em-viana-do-castelo","status":"publish","type":"post","link":"https:\/\/aja.pt\/en\/jose-afonso-em-viana-do-castelo\/","title":{"rendered":"Jos\u00e9 Afonso em Viana do Castelo"},"content":{"rendered":"<p><a href=\"http:\/\/4.bp.blogspot.com\/_NeDJGBTlLoA\/RdF9YjYukYI\/AAAAAAAAAG8\/q6cCXLD0pJ0\/s1600-h\/zeca+viana.jpg\"><img alt=\"\" border=\"0\" id=\"BLOGGER_PHOTO_ID_5030940119518843266\" src=\"http:\/\/4.bp.blogspot.com\/_NeDJGBTlLoA\/RdF9YjYukYI\/AAAAAAAAAG8\/q6cCXLD0pJ0\/s400\/zeca+viana.jpg\" style=\"cursor: hand; display: block; margin: 0px auto 10px; text-align: center;\" \/><\/a><\/p>\n<div align=\"justify\">Neste ano de 2007, cumprem-se 20 anos sobre a morte do compositor e cantor portugu\u00eas Zeca Afonso, figura que deu grande contributo \u00e0 cultura em Portugal e no mundo.<br \/>Est\u00e1 em prepara\u00e7\u00e3o um grande espect\u00e1culo musical sobre a sua vida e obra. Um espect\u00e1culo pleno de luz e cor, com uma banda de oito m\u00fasicos (piano, 2 guitarras, baixo, acorde\u00e3o, saxofone, trompete, bateria) e cinco cantores, que percorrer\u00e1 toda a vasta obra po\u00e9tica e musical de Jos\u00e9 Afonso. A banda fez os seus pr\u00f3prios arranjos, sob a direc\u00e7\u00e3o musical de Ricardo Pinto.<\/p>\n<p>Este espect\u00e1culo ter\u00e1 como cantor principal Jos\u00e9 Carlos Barbosa, tamb\u00e9m \u201cZeca\u201d. Nasceu em Viana do Castelo, em Agosto de 1956. Desde muito novo acompanhou a evolu\u00e7\u00e3o da m\u00fasica portuguesa, particularmente dos compositores e cantores da resist\u00eancia. Desde sempre cantou por todo o norte de Portugal, em diversos espa\u00e7os p\u00fablicos, tendo gravado e editado em 2003, um trabalho em CD, \u201cSentidos Afectos\u201d, com a participa\u00e7\u00e3o de Jo\u00e3o Afonso. Trata-se de um percurso pela poesia portuguesa ligada aos afectos.<br \/>Este evento conta com a colabora\u00e7\u00e3o, entre outros, da Associa\u00e7\u00e3o Jos\u00e9 Afonso, que se dedica \u00e0 preserva\u00e7\u00e3o e divulga\u00e7\u00e3o, nas suas m\u00faltiplas facetas, da personalidade e obra do artista e do homem que agora recordamos.<\/div>\n","protected":false},"excerpt":{"rendered":"<p>Neste ano de 2007, cumprem-se 20 anos sobre a morte do compositor e cantor portugu\u00eas Zeca Afonso, figura que deu grande contributo \u00e0 cultura em Portugal e no mundo.Est\u00e1 em prepara\u00e7\u00e3o um grande espect\u00e1culo musical sobre a sua vida e obra. Um espect\u00e1culo pleno de luz e cor, com uma banda de oito m\u00fasicos (piano, [&hellip;]<\/p>\n","protected":false},"author":5,"featured_media":7650,"comment_status":"open","ping_status":"open","sticky":false,"template":"","format":"standard","meta":[],"categories":[160],"tags":[],"_links":{"self":[{"href":"https:\/\/aja.pt\/en\/wp-json\/wp\/v2\/posts\/7649"}],"collection":[{"href":"https:\/\/aja.pt\/en\/wp-json\/wp\/v2\/posts"}],"about":[{"href":"https:\/\/aja.pt\/en\/wp-json\/wp\/v2\/types\/post"}],"author":[{"embeddable":true,"href":"https:\/\/aja.pt\/en\/wp-json\/wp\/v2\/users\/5"}],"replies":[{"embeddable":true,"href":"https:\/\/aja.pt\/en\/wp-json\/wp\/v2\/comments?post=7649"}],"version-history":[{"count":0,"href":"https:\/\/aja.pt\/en\/wp-json\/wp\/v2\/posts\/7649\/revisions"}],"wp:featuredmedia":[{"embeddable":true,"href":"https:\/\/aja.pt\/en\/wp-json\/wp\/v2\/media\/7650"}],"wp:attachment":[{"href":"https:\/\/aja.pt\/en\/wp-json\/wp\/v2\/media?parent=7649"}],"wp:term":[{"taxonomy":"category","embeddable":true,"href":"https:\/\/aja.pt\/en\/wp-json\/wp\/v2\/categories?post=7649"},{"taxonomy":"post_tag","embeddable":true,"href":"https:\/\/aja.pt\/en\/wp-json\/wp\/v2\/tags?post=7649"}],"curies":[{"name":"wp","href":"https:\/\/api.w.org\/{rel}","templated":true}]}}