{"id":7642,"date":"2007-02-09T08:20:00","date_gmt":"2007-02-09T08:20:00","guid":{"rendered":"https:\/\/aja.pt\/wp\/?p=7642"},"modified":"2021-12-17T11:40:07","modified_gmt":"2021-12-17T11:40:07","slug":"um-mes-com-o-zeca","status":"publish","type":"post","link":"https:\/\/aja.pt\/en\/um-mes-com-o-zeca\/","title":{"rendered":"&#8220;Um m\u00eas com o Zeca&#8221;"},"content":{"rendered":"<p><a href=\"http:\/\/2.bp.blogspot.com\/_NeDJGBTlLoA\/RcwvTTYukUI\/AAAAAAAAAGM\/3IKq8yoHVUU\/s1600-h\/untitled.bmp\"><img alt=\"\" border=\"0\" id=\"BLOGGER_PHOTO_ID_5029446892534010178\" src=\"http:\/\/2.bp.blogspot.com\/_NeDJGBTlLoA\/RcwvTTYukUI\/AAAAAAAAAGM\/3IKq8yoHVUU\/s400\/untitled.bmp\" style=\"cursor: hand; display: block; margin: 0px auto 10px; text-align: center;\" \/><\/a><\/p>\n<div align=\"justify\">O ano passado, a Isabel Faria, do blogue Troll Urbano, lan\u00e7ou, nas v\u00e9speras do dia 23 de Fevereiro, uma campanha de sauda\u00e7\u00e3o ao Zeca, iniciativa a que associaram muitos e muitos blogues nacionais, entre os quais o meu, Di\u00e1rio de Felgueiras <\/div>\n<div align=\"justify\"><a href=\"http:\/\/josecarlospereira.blogspot.com\/\" target=\"_blank\" rel=\"noopener\">http:\/\/josecarlospereira.blogspot.com\/<\/a><br \/>Este ano, em que se completam \u201c20 coros da Primavera\u201d, lancei o repto \u00e0 Isabel, que diz que anda muito atarefada, mas j\u00e1 deu o mote no seu blogue, no post <\/div>\n<div align=\"justify\"><a href=\"http:\/\/troll-urbano.blogspot.com\/2007\/02\/um-ms-com-o-zeca.html\" target=\"_blank\" rel=\"noopener\">http:\/\/troll-urbano.blogspot.com\/2007\/02\/um-ms-com-o-zeca.html<\/a><br \/>Vamos l\u00e1, rapaziada da blogsfera!&#8230; Vamos dizer ao Zeca que a sua voz \u00e9 uma presen\u00e7a di\u00e1ria; a sua poesia, um legado hist\u00f3rico muito importante; o seu testemunho, um molho de sementes cujo fruto brota diariamente. <\/div>\n<p><\/p>\n<div align=\"justify\"><strong>Jos\u00e9 Carlos Pereira<\/strong><\/div>\n","protected":false},"excerpt":{"rendered":"<p>O ano passado, a Isabel Faria, do blogue Troll Urbano, lan\u00e7ou, nas v\u00e9speras do dia 23 de Fevereiro, uma campanha de sauda\u00e7\u00e3o ao Zeca, iniciativa a que associaram muitos e muitos blogues nacionais, entre os quais o meu, Di\u00e1rio de Felgueiras http:\/\/josecarlospereira.blogspot.com\/Este ano, em que se completam \u201c20 coros da Primavera\u201d, lancei o repto \u00e0 [&hellip;]<\/p>\n","protected":false},"author":5,"featured_media":7643,"comment_status":"open","ping_status":"open","sticky":false,"template":"","format":"standard","meta":[],"categories":[160],"tags":[],"_links":{"self":[{"href":"https:\/\/aja.pt\/en\/wp-json\/wp\/v2\/posts\/7642"}],"collection":[{"href":"https:\/\/aja.pt\/en\/wp-json\/wp\/v2\/posts"}],"about":[{"href":"https:\/\/aja.pt\/en\/wp-json\/wp\/v2\/types\/post"}],"author":[{"embeddable":true,"href":"https:\/\/aja.pt\/en\/wp-json\/wp\/v2\/users\/5"}],"replies":[{"embeddable":true,"href":"https:\/\/aja.pt\/en\/wp-json\/wp\/v2\/comments?post=7642"}],"version-history":[{"count":0,"href":"https:\/\/aja.pt\/en\/wp-json\/wp\/v2\/posts\/7642\/revisions"}],"wp:featuredmedia":[{"embeddable":true,"href":"https:\/\/aja.pt\/en\/wp-json\/wp\/v2\/media\/7643"}],"wp:attachment":[{"href":"https:\/\/aja.pt\/en\/wp-json\/wp\/v2\/media?parent=7642"}],"wp:term":[{"taxonomy":"category","embeddable":true,"href":"https:\/\/aja.pt\/en\/wp-json\/wp\/v2\/categories?post=7642"},{"taxonomy":"post_tag","embeddable":true,"href":"https:\/\/aja.pt\/en\/wp-json\/wp\/v2\/tags?post=7642"}],"curies":[{"name":"wp","href":"https:\/\/api.w.org\/{rel}","templated":true}]}}