{"id":7640,"date":"2007-02-08T13:31:00","date_gmt":"2007-02-08T13:31:00","guid":{"rendered":"https:\/\/aja.pt\/wp\/?p=7640"},"modified":"2021-12-17T11:40:07","modified_gmt":"2021-12-17T11:40:07","slug":"com-jose-afonso-20-anos-de-caminho","status":"publish","type":"post","link":"https:\/\/aja.pt\/en\/com-jose-afonso-20-anos-de-caminho\/","title":{"rendered":"&#8220;COM JOS\u00c9 AFONSO &#8211; 20 ANOS DE CAMINHO&#8221;"},"content":{"rendered":"<p><a href=\"http:\/\/2.bp.blogspot.com\/_NeDJGBTlLoA\/RcwvvTYukVI\/AAAAAAAAAGY\/r2KV2KPvW0o\/s1600-h\/zeca+afonso+cartaz+copy.jpg\"><img alt=\"\" border=\"0\" id=\"BLOGGER_PHOTO_ID_5029447373570347346\" src=\"http:\/\/2.bp.blogspot.com\/_NeDJGBTlLoA\/RcwvvTYukVI\/AAAAAAAAAGY\/r2KV2KPvW0o\/s400\/zeca+afonso+cartaz+copy.jpg\" style=\"cursor: hand; display: block; margin: 0px auto 10px; text-align: center;\" \/><\/a><\/p>\n<div>Jos\u00e9 Afonso de 14 a 17 de Fereiro no Clube Liter\u00e1rio do Porto, (CLP- RUA NOVA DA ALFANDEGA N\u00ba 22) em parceria coma Associa\u00e7\u00e3o Jos\u00e9 Afonso (AJA &#8211; N\u00facleo do Norte) vai celebrar 20 anos decaminho com o Zeca.<\/div>\n<p><\/p>\n<div><strong>14 Fevereiro  <\/strong>21h30m: Inaugura\u00e7\u00e3o de exposi\u00e7\u00e3o tem\u00e1tica sobre Jos\u00e9 Afonso<\/div>\n<div>22h: Debate &#8220;JOS\u00c9 AFONSO- TESTEMUNHOS&#8221;, com a participa\u00e7\u00e3o de Al\u00edpio de Freitas e Benedicto Garcia Villar<\/div>\n<div><\/div>\n<p><\/p>\n<div><strong>15 Fevereiro  <\/strong>22h: Tert\u00falia &#8220;O PRAZER DO TEXTO&#8221;, com interven\u00e7\u00f5es po\u00e9ticas e musicais a decorrer no &#8220;Piano-Bar&#8221; do CLP. <\/div>\n<p><\/p>\n<div><\/div>\n<div><strong>16 Fevereiro  <\/strong>21h30m: Debate &#8220;JOS\u00c9 AFONSO-A L\u00cdRICA&#8221;, com a participa\u00e7\u00e3o de Jos\u00e9 Ant\u00f3nio Gomes e Elfriede Engelmayer<\/div>\n<div><\/div>\n<p><\/p>\n<div><strong>17 Fevereiro  <\/strong>21h30m: Debate &#8220;JOS\u00c9 AFONSO-A M\u00daSICA&#8221;, com a participa\u00e7\u00e3o de Francisco Fanhais e Jos\u00e9 M\u00e1rio Branco. <\/div>\n","protected":false},"excerpt":{"rendered":"<p>Jos\u00e9 Afonso de 14 a 17 de Fereiro no Clube Liter\u00e1rio do Porto, (CLP- RUA NOVA DA ALFANDEGA N\u00ba 22) em parceria coma Associa\u00e7\u00e3o Jos\u00e9 Afonso (AJA &#8211; N\u00facleo do Norte) vai celebrar 20 anos decaminho com o Zeca. 14 Fevereiro 21h30m: Inaugura\u00e7\u00e3o de exposi\u00e7\u00e3o tem\u00e1tica sobre Jos\u00e9 Afonso 22h: Debate &#8220;JOS\u00c9 AFONSO- TESTEMUNHOS&#8221;, com [&hellip;]<\/p>\n","protected":false},"author":5,"featured_media":7641,"comment_status":"open","ping_status":"open","sticky":false,"template":"","format":"standard","meta":[],"categories":[89,160],"tags":[],"_links":{"self":[{"href":"https:\/\/aja.pt\/en\/wp-json\/wp\/v2\/posts\/7640"}],"collection":[{"href":"https:\/\/aja.pt\/en\/wp-json\/wp\/v2\/posts"}],"about":[{"href":"https:\/\/aja.pt\/en\/wp-json\/wp\/v2\/types\/post"}],"author":[{"embeddable":true,"href":"https:\/\/aja.pt\/en\/wp-json\/wp\/v2\/users\/5"}],"replies":[{"embeddable":true,"href":"https:\/\/aja.pt\/en\/wp-json\/wp\/v2\/comments?post=7640"}],"version-history":[{"count":0,"href":"https:\/\/aja.pt\/en\/wp-json\/wp\/v2\/posts\/7640\/revisions"}],"wp:featuredmedia":[{"embeddable":true,"href":"https:\/\/aja.pt\/en\/wp-json\/wp\/v2\/media\/7641"}],"wp:attachment":[{"href":"https:\/\/aja.pt\/en\/wp-json\/wp\/v2\/media?parent=7640"}],"wp:term":[{"taxonomy":"category","embeddable":true,"href":"https:\/\/aja.pt\/en\/wp-json\/wp\/v2\/categories?post=7640"},{"taxonomy":"post_tag","embeddable":true,"href":"https:\/\/aja.pt\/en\/wp-json\/wp\/v2\/tags?post=7640"}],"curies":[{"name":"wp","href":"https:\/\/api.w.org\/{rel}","templated":true}]}}