{"id":7633,"date":"2007-02-05T10:29:00","date_gmt":"2007-02-05T10:29:00","guid":{"rendered":"https:\/\/aja.pt\/wp\/?p=7633"},"modified":"2021-12-17T11:40:07","modified_gmt":"2021-12-17T11:40:07","slug":"canta-que-naide-tafronta","status":"publish","type":"post","link":"https:\/\/aja.pt\/en\/canta-que-naide-tafronta\/","title":{"rendered":"Canta, que naide t\u2019afronta"},"content":{"rendered":"<div align=\"justify\"><em><strong>Artigo de Amadeu Ferreira em Mirand\u00eas<\/strong><br \/><\/em><br \/><em><strong><br \/><\/strong><\/em><br \/>Miu armano, arrimado a dous anhos apuis de haber ido a salto, bieno de Fran\u00e7a ende por 1968. St\u00e1 eiqui st\u00e1 a fazer quarenta anhos. Era un tiempo an que ls suonhos se dezien an franc\u00e9s i l mais grande einfierno se chamaba Guerra de l Oultramar, que solo algo apuis daprendi que era ua guerra quelonial. Quien stubira fuora i nun benisse a apersentar-se pa la guerra era dado cumo zertor i lhougo preso s\u2019atentasse a poner pie na sue tierra. Stranha p\u00e1tria que ampuntaba ls sous filhos pul mundo a saber de la bida i los oubrigaba a benir para s\u2019antreg\u00e1ren a ua guerra que naide antendie para que serbie i de que se scapaba quien podie. Un tiempo de bergonha, assi me lhembro del.<br \/>Bieno miu armano, i todo quanto trouxo cun el de Fran\u00e7a fui ua bicicleta de mudan\u00e7as, un giradiscos i arrimado a ua d\u00fazia de discos. Agosto corrie, marralheiro, y\u00e1 cula trilha feita, i sobraba l tiempo para oubir aqueilhas modas a que ls mius oubidos nunca habien podido chegar. Nien sei cumo l disco nun se gastou d\u2019oubir tanta be\u00e7 \u00abOs Vampiros\u00bb, \u00abMenino do Bairro Negro\u00bb i \u00abNo lago do Breu\u00bb, modas dun tal Jos\u00e9 Afonso, de que nunca oubira falar. Un die, l disco scachou-se, mas las m\u00fasicas y\u00e1 las habie grabado de las cantar tanta be\u00e7. Assi i todo, solo le tornei a oubir la bo\u00e7 y\u00e1 an 1972, nua Bergan\u00e7a que abafaba. Un amigo habie arranjado un disco chamado \u00abCantigas do Maio\u00bb: habie que oubir a las scundidas, l sonido baixico para que nun chegara a la rue. Apuis, apuis fui at\u00e9 siempre, inda agora cumpanhie, nunca cansada, de las lhargas biaijes de Lisboa a Sendin i a Bila Rial.<br \/>Anquanto asperaba oubir la Gr\u00e2ndola Vila Morena, na madrugaga de 25 de Abril de 1974, ne l Dep\u00f3sito Geral de Adidos, tenie un nuolo tan fuorte que nun sabie an que parte de l cuorpo se me habie dado. Apuis, fui un arrebento, cumo ua nuite de foguetes de lh\u00e1grimas, cumo se aquel que \u00abEra um Redondo Voc\u00e1bulo\u00bb, argolha dua cadena, se houbira sparti\u00e7ado. Solo apuis dessa nuoba era lo oubi cantar algues bezes de biba bo\u00e7 i fui coincendo toda la sue m\u00fasica por uns lhados i por outros, y\u00e1 que nien denheiro tenie para giradiscos i essas cousas. Tube inda que asperar muito anho para ajuntar la cole\u00e7on de las sues m\u00fasicas, que cuntino a oubir nua ruodra que bai demudando.<br \/>Cun el tamien daprendi a dar balor a modas que oubie zde pequeinho, anque an mirand\u00e9s, cumo aquel \u00abDius te guarde Rosa, \/ Lindo \u00c7arafin, \/ Linda pastorica, \/ Que fazes eiqui?\u00bb. I doutras nun falo, que gusto mais de oubir i, al mesmo tiempo que oubo, ir bendo ls cinemas an que ls sonidos se zr\u00f3ban andrento. Nun sei porquei, mas hai palabras, hai sonidos que se buolben quelobrinas de cada be\u00e7 que las oubo. Nun adelantra ua pessona querer antender essas cousas, bonda oubir. I pensar, mais ua be\u00e7, que ciertas pessonas nunca se habien de morrer.<br \/>Un die, bai a fazer binte anhos este Febreiro, staba a oubir l telejornal i p\u00f3nen aqueilha moda d\u2019Outonho que manda calhar fuontes i chorar ribeiras i todo, \u00abque eu n\u00e3o volto a cantar\u00bb. Tamien ende you le pedi algue auga a las ribeiras i me calhei cumo las fuontes.  Era 1986 i la mie bida staba a dar un bolco cumo ua campana, nun fuolego que inda mal daba seinhas d\u2019agarrar un nuobo bal\u00e1ncio. Nun me dou la gana d\u2019ir al antierro, para quedar cula eilusion de que nun se habie muorto i nun deixara de ser l que siempre fura, ua ambu\u00e7a de sonidos que se s\u00f3rben. At\u00e9 hoije el cuntina-me a cantar, siempre cumo se fura la purmeira be\u00e7. Quando oubo las sues modas, mais do que de Jos\u00e9 Afonso, lhembra-se-me de mi. Ye ua m\u00fasica que m\u2019ampurra acontra mi, zde aquel Agosto marralheiro de 1968. N\u00f3 cun suidades, mas cun gana de hoije, i de cuntinar a sonhar cun ua tierra de fraternidade. Cun m\u00fasica que faga bolar, nien que seia solo a cachicos, que ye un modo de un nun se sabarrar tanto ne ls tropie\u00e7os de l camino.<\/p>\n<p>4 de Fevereiro de 2007<a href=\"mailto:amadeuf@gmail.com\">amadeuf@gmail.com<\/a><\/div>\n","protected":false},"excerpt":{"rendered":"<p>Artigo de Amadeu Ferreira em Mirand\u00easMiu armano, arrimado a dous anhos apuis de haber ido a salto, bieno de Fran\u00e7a ende por 1968. St\u00e1 eiqui st\u00e1 a fazer quarenta anhos. Era un tiempo an que ls suonhos se dezien an franc\u00e9s i l mais grande einfierno se chamaba Guerra de l Oultramar, que solo algo [&hellip;]<\/p>\n","protected":false},"author":5,"featured_media":0,"comment_status":"open","ping_status":"open","sticky":false,"template":"","format":"standard","meta":[],"categories":[178,77],"tags":[],"_links":{"self":[{"href":"https:\/\/aja.pt\/en\/wp-json\/wp\/v2\/posts\/7633"}],"collection":[{"href":"https:\/\/aja.pt\/en\/wp-json\/wp\/v2\/posts"}],"about":[{"href":"https:\/\/aja.pt\/en\/wp-json\/wp\/v2\/types\/post"}],"author":[{"embeddable":true,"href":"https:\/\/aja.pt\/en\/wp-json\/wp\/v2\/users\/5"}],"replies":[{"embeddable":true,"href":"https:\/\/aja.pt\/en\/wp-json\/wp\/v2\/comments?post=7633"}],"version-history":[{"count":0,"href":"https:\/\/aja.pt\/en\/wp-json\/wp\/v2\/posts\/7633\/revisions"}],"wp:attachment":[{"href":"https:\/\/aja.pt\/en\/wp-json\/wp\/v2\/media?parent=7633"}],"wp:term":[{"taxonomy":"category","embeddable":true,"href":"https:\/\/aja.pt\/en\/wp-json\/wp\/v2\/categories?post=7633"},{"taxonomy":"post_tag","embeddable":true,"href":"https:\/\/aja.pt\/en\/wp-json\/wp\/v2\/tags?post=7633"}],"curies":[{"name":"wp","href":"https:\/\/api.w.org\/{rel}","templated":true}]}}