{"id":7630,"date":"2007-02-02T13:09:00","date_gmt":"2007-02-02T13:09:00","guid":{"rendered":"https:\/\/aja.pt\/wp\/?p=7630"},"modified":"2021-12-17T11:40:07","modified_gmt":"2021-12-17T11:40:07","slug":"jose-afonso-em-loule","status":"publish","type":"post","link":"https:\/\/aja.pt\/en\/jose-afonso-em-loule\/","title":{"rendered":"Jos\u00e9 Afonso em Loul\u00e9"},"content":{"rendered":"<div align=\"justify\">Fado e m\u00fasica de Zeca Afonso em destaque no Centro de Documenta\u00e7\u00e3o de Loul\u00e9<br \/><a href=\"http:\/\/mlking.cm-loule.pt\/index2.php?option=com_content&amp;task=view&amp;id=2035&amp;Itemid=0&amp;pop=1&amp;page=0#\" onclick=\"javascript:window.print(); return false\" title=\"Imprimir\"><\/a><br \/>No \u00e2mbito do programa de actividades do Centro de Documenta\u00e7\u00e3o da Divis\u00e3o de Cultura e Hist\u00f3ria Local de Loul\u00e9, ao longo do m\u00eas de Fevereiro v\u00e3o ter lugar tr\u00eas iniciativas: uma exposi\u00e7\u00e3o, um espect\u00e1culo\/col\u00f3quio e uma visita guiada.<br \/>Deste modo, entre 10 de Fevereiro e 10 de Mar\u00e7o, vai estar patente ao p\u00fablico, na Galeria de Arte do Convento Esp\u00edrito Santo, a exposi\u00e7\u00e3o &#8220;O Fado na Pintura&#8221;, de Jos\u00e9 Maria Oliveira. Na inaugura\u00e7\u00e3o, a 10 de Fevereiro, pelas 17h00, os visitantes ser\u00e3o brindados com um momento de fado de Coimbra pelo grupo &#8220;Ecos de Coimbra&#8221; e um beberete relacionado com a ambi\u00eancia do fado.<br \/>As cria\u00e7\u00f5es art\u00edsticas de Jos\u00e9 Maria Oliveira s\u00e3o diversas, livres e apresentam formas que a arte e o engenho permitem: pintura, desenho, escultura em terracota, cartoon, etc.. As suas exposi\u00e7\u00f5es surgiram pela primeira vez ao olhar do p\u00fablico em 1963, no C\u00edrculo Cultural do Algarve, em Faro. Da\u00ed at\u00e9 aos nossos dias, mais de duas dezenas de mostras das suas cria\u00e7\u00f5es t\u00eam circulado pelo Algarve, se n\u00e3o incluirmos as colectivas.<br \/>Do seu esp\u00f3lio art\u00edstico constam cerca de quatro centenas de trabalhos na \u00e1rea da pintura e cerca de dois mil e quinhentos trabalhos em desenhos (gravuras, aguarelas, retratos, etc.). Lan\u00e7ou-se tamb\u00e9m na cenografia, coreografia e publicidade.<br \/>A sua arte, de cariz surrealista, define-se pela sensualidade embrenhada na subtileza do humor, da beleza e da cr\u00edtica, pelo grito da cor, pelo arrojo das tem\u00e1ticas. Por isso, a Exposi\u00e7\u00e3o &#8220;O Fado na Pintura&#8221; testemunha a capacidade do artista sintetizar a m\u00fasica e a pintura num processo criativo \u00fanico.   <br \/>A segunda iniciativa do Centro de Documenta\u00e7\u00e3o prevista para o m\u00eas de Fevereiro tem lugar dia 16, pelas 18h00, com uma visita guiada \u00e0 Igreja Matriz de Loul\u00e9. Com o tema &#8220;Igreja Matriz de Loul\u00e9: mist\u00e9rios do anoitecer na luz e na sombra&#8221;, esta visita ser\u00e1 orientada pelo Professor Doutor Francisco Lameira, Historiador de Arte, e pelo Professor Doutor Lu\u00eds Filipe Oliveira, Historiador da Idade M\u00e9dia, ambos da Universidade do Algarve.<br \/>Finalmente, a 24 de Fevereiro, \u00e0s 17h00, decorre na Galeria de Arte do Convento Esp\u00edrito Santo, o espect\u00e1culo\/col\u00f3quio de homenagem a Zeca Afonso, por ocasi\u00e3o dos 20 anos do seu falecimento. Para al\u00e9m de um debate sobre a vida e obra daquele que \u00e9 considerado um dos maiores m\u00fasicos portugueses de todos os tempos, esta iniciativa conta com um momento musical com o grupo &#8220;Ecos de Coimbra&#8221;. <\/div>\n","protected":false},"excerpt":{"rendered":"<p>Fado e m\u00fasica de Zeca Afonso em destaque no Centro de Documenta\u00e7\u00e3o de Loul\u00e9No \u00e2mbito do programa de actividades do Centro de Documenta\u00e7\u00e3o da Divis\u00e3o de Cultura e Hist\u00f3ria Local de Loul\u00e9, ao longo do m\u00eas de Fevereiro v\u00e3o ter lugar tr\u00eas iniciativas: uma exposi\u00e7\u00e3o, um espect\u00e1culo\/col\u00f3quio e uma visita guiada.Deste modo, entre 10 de [&hellip;]<\/p>\n","protected":false},"author":5,"featured_media":0,"comment_status":"open","ping_status":"open","sticky":false,"template":"","format":"standard","meta":[],"categories":[160],"tags":[],"_links":{"self":[{"href":"https:\/\/aja.pt\/en\/wp-json\/wp\/v2\/posts\/7630"}],"collection":[{"href":"https:\/\/aja.pt\/en\/wp-json\/wp\/v2\/posts"}],"about":[{"href":"https:\/\/aja.pt\/en\/wp-json\/wp\/v2\/types\/post"}],"author":[{"embeddable":true,"href":"https:\/\/aja.pt\/en\/wp-json\/wp\/v2\/users\/5"}],"replies":[{"embeddable":true,"href":"https:\/\/aja.pt\/en\/wp-json\/wp\/v2\/comments?post=7630"}],"version-history":[{"count":0,"href":"https:\/\/aja.pt\/en\/wp-json\/wp\/v2\/posts\/7630\/revisions"}],"wp:attachment":[{"href":"https:\/\/aja.pt\/en\/wp-json\/wp\/v2\/media?parent=7630"}],"wp:term":[{"taxonomy":"category","embeddable":true,"href":"https:\/\/aja.pt\/en\/wp-json\/wp\/v2\/categories?post=7630"},{"taxonomy":"post_tag","embeddable":true,"href":"https:\/\/aja.pt\/en\/wp-json\/wp\/v2\/tags?post=7630"}],"curies":[{"name":"wp","href":"https:\/\/api.w.org\/{rel}","templated":true}]}}