{"id":7627,"date":"2007-02-01T15:12:00","date_gmt":"2007-02-01T15:12:00","guid":{"rendered":"https:\/\/aja.pt\/wp\/?p=7627"},"modified":"2021-12-17T11:40:07","modified_gmt":"2021-12-17T11:40:07","slug":"guimaraes-canta-zeca-afonso","status":"publish","type":"post","link":"https:\/\/aja.pt\/en\/guimaraes-canta-zeca-afonso\/","title":{"rendered":"&#8220;Guimar\u00e3es canta Zeca Afonso&#8221;"},"content":{"rendered":"<div align=\"justify\">A 23 de Fevereiro inicia-se em Guimar\u00e3es, no Centro Cultural Vila Flor, a iniciativa &#8220;Guimar\u00e3es canta Zeca Afonso&#8221;, com a exposi\u00e7\u00e3o &#8220;O que faz falta&#8221;, cedida pelo Mundo da Can\u00e7\u00e3o (18:00) e o espect\u00e1culo &#8220;O Menino de Oiro&#8221; (21:30), uma teatraliza\u00e7\u00e3o da vida e obra de Jos\u00e9 Afonso dirigida por Gil Filipe.<br \/>No dia seguinte realizar-se-\u00e1, \u00e0s 15:30, um concerto com a Banda Militar do Norte, seguindo-se, \u00e0s 17:30, um debate com a participa\u00e7\u00e3o de H\u00e9lder Costa, Jos\u00e9 M\u00e1rio Branco, Jos\u00e9 Ant\u00f3nio Gomes, Al\u00edpio de Freitas e M\u00e1rio Barradas.<br \/>A jornada prossegue \u00e0s 21:30 com um concerto do grupo ARDENT\u00cdA, que antecede o espect\u00e1culo &#8220;Maio, maduro Maio&#8221;, com Am\u00e9lia Muge, Jo\u00e3o Afonso e Jos\u00e9 M\u00e1rio Branco.<\/div>\n","protected":false},"excerpt":{"rendered":"<p>A 23 de Fevereiro inicia-se em Guimar\u00e3es, no Centro Cultural Vila Flor, a iniciativa &#8220;Guimar\u00e3es canta Zeca Afonso&#8221;, com a exposi\u00e7\u00e3o &#8220;O que faz falta&#8221;, cedida pelo Mundo da Can\u00e7\u00e3o (18:00) e o espect\u00e1culo &#8220;O Menino de Oiro&#8221; (21:30), uma teatraliza\u00e7\u00e3o da vida e obra de Jos\u00e9 Afonso dirigida por Gil Filipe.No dia seguinte realizar-se-\u00e1, [&hellip;]<\/p>\n","protected":false},"author":5,"featured_media":0,"comment_status":"open","ping_status":"open","sticky":false,"template":"","format":"standard","meta":[],"categories":[160],"tags":[],"_links":{"self":[{"href":"https:\/\/aja.pt\/en\/wp-json\/wp\/v2\/posts\/7627"}],"collection":[{"href":"https:\/\/aja.pt\/en\/wp-json\/wp\/v2\/posts"}],"about":[{"href":"https:\/\/aja.pt\/en\/wp-json\/wp\/v2\/types\/post"}],"author":[{"embeddable":true,"href":"https:\/\/aja.pt\/en\/wp-json\/wp\/v2\/users\/5"}],"replies":[{"embeddable":true,"href":"https:\/\/aja.pt\/en\/wp-json\/wp\/v2\/comments?post=7627"}],"version-history":[{"count":0,"href":"https:\/\/aja.pt\/en\/wp-json\/wp\/v2\/posts\/7627\/revisions"}],"wp:attachment":[{"href":"https:\/\/aja.pt\/en\/wp-json\/wp\/v2\/media?parent=7627"}],"wp:term":[{"taxonomy":"category","embeddable":true,"href":"https:\/\/aja.pt\/en\/wp-json\/wp\/v2\/categories?post=7627"},{"taxonomy":"post_tag","embeddable":true,"href":"https:\/\/aja.pt\/en\/wp-json\/wp\/v2\/tags?post=7627"}],"curies":[{"name":"wp","href":"https:\/\/api.w.org\/{rel}","templated":true}]}}