{"id":7624,"date":"2007-02-01T08:09:00","date_gmt":"2007-02-01T08:09:00","guid":{"rendered":"https:\/\/aja.pt\/wp\/?p=7624"},"modified":"2021-12-17T11:40:07","modified_gmt":"2021-12-17T11:40:07","slug":"nucleo-do-norte-da-aja-descentraliza-inciativas-noticia-primeiro-de-janeiro","status":"publish","type":"post","link":"https:\/\/aja.pt\/en\/nucleo-do-norte-da-aja-descentraliza-inciativas-noticia-primeiro-de-janeiro\/","title":{"rendered":"N\u00facleo do norte da AJA descentraliza inciativas &#8211; Not\u00edcia &#8220;Primeiro de Janeiro&#8221;"},"content":{"rendered":"<div align=\"justify\">Celebrar o Zeca cidad\u00e3o.<\/div>\n<div align=\"justify\">O n\u00facleo do Norte da Associa\u00e7\u00e3o Jos\u00e9 Afonso preparou um conjunto de iniciativas para celebrar a vida e obra do poeta e m\u00fasico, no ano em que passam 20 anos sobre a sua morte, a 23 de Fevereiro de 1987. Uma l\u00f3gica de cidadania preside \u00e0 homenagem, com exposi\u00e7\u00f5es, debates e concertos. <em><strong>Ana Sofia Rosado<\/strong><\/em><\/div>\n<div align=\"justify\"><\/div>\n<div align=\"justify\">Resultado da vontade da Associa\u00e7\u00e3o Jos\u00e9 Afonso (AJA) e de parcerias diversas, o programa da homenagem foi ontem apresentado em confer\u00eancia de imprensa por Paulo Esperan\u00e7a, da direc\u00e7\u00e3o nacional, e Fernando Lacerda, Eduardo Pinheiro e Teresa Figueiredo, do n\u00facleo do Norte, nas instala\u00e7\u00f5es da UNICEPE, no Porto. S\u00e1bado, dia 3, Felgueiras inaugura a homenagem \u00abSomos n\u00f3s os teus cantores\u00bb, na Casa do Povo da Longra, com uma exposi\u00e7\u00e3o dedicada \u00e0 vida e obra de Jos\u00e9 Afonso, seguida de tert\u00falia com Al\u00edpio de Freitas, presidente da AJA, a quem Zeca dedicou uma can\u00e7\u00e3o, e Paulo Al\u00e3o, viola dos tempos de Coimbra. A obra de Adriano Correia de Oliveira integra esta homenagem, no ano em que tamb\u00e9m se completam 25 anos da sua morte (16 de Outubro de 1982). Antes do concerto \u00e0s 21h30 com Tino Flores, Francisco Fanhais, e os grupos Ajafor\u00e7a, Hyubris e Erva de Cheiro, decorre um ateli\u00ea de escrita criativa orientado por Miguel Gouveia, autor de um livro sobre Jos\u00e9 Afonso, a ser editado pela AJA. A iniciativa realiza-se em parceria com a Associa\u00e7\u00e3o 25 de Abril e o Sindicato dos Professores do Norte.<\/div>\n<div align=\"justify\"><\/div>\n<div align=\"justify\">O Clube Liter\u00e1rio do Porto recebe de 14 a 17 deste m\u00eas \u00abCom Jos\u00e9 Afonso \u2013 20 anos de caminho\u00bb. O primeiro dia \u00e9 marcado pela inaugura\u00e7\u00e3o de uma exposi\u00e7\u00e3o tem\u00e1tica sobre o homenageado e pelo debate \u00abJos\u00e9 Afonso \u2013 Os amigos\u00bb, com Al\u00edpio de Freitas e o convidado galego Benedicto Garcia Vilar. Dia 15 h\u00e1 tert\u00falia po\u00e9tica e musical no piano-bar, com \u00abO prazer do texto\u00bb, e, no dia seguinte, realiza-se o debate \u00abJos\u00e9 Afonso \u2013 A L\u00edrica\u00bb, com o professor e poeta Jos\u00e9 Ant\u00f3nio Gomes e a especialista em Jos\u00e9 Afonso Elfriede Engelmayer. Francisco Fanhais e Jos\u00e9 M\u00e1rio Branco protagonizam o \u00faltimo debate no Clube, dia 17, intitulado \u00abJos\u00e9 Afonso \u2013 A M\u00fasica\u00bb.<\/div>\n<div align=\"justify\"><\/div>\n<div align=\"justify\">A cidade de Guimar\u00e3es junta-se a esta festa no Centro Cultural Vila Flor, dias 23 e 24 de Fevereiro, numa parceria com o C\u00edrculo de Arte e Recreio de Guimar\u00e3es, a Associa\u00e7\u00e3o 25 de Abril e a R\u00e9gie Cooperativa Oficina. A exposi\u00e7\u00e3o in\u00e9dita \u00abO que faz falta\u00bb, cedida graciosamente pelo Mundo da M\u00fasica, do acervo documental de Avelino Tavares, abre a iniciativa. No mesmo dia, tem lugar a teatraliza\u00e7\u00e3o musicada da vida e obra de Jos\u00e9 Afonso \u00abO menino D\u2019Oiro\u00bb, sob a direc\u00e7\u00e3o de Gil Filipe, com mais de 60 actores de grupos amadores de Guimar\u00e3es, cantores da Academia de M\u00fasica Valentim Moreira de S\u00e1 e os Ajafor\u00e7a. Dia 24, h\u00e1 concerto com a Banda Militar do Norte, um debate com H\u00e9lder Costa, que assinou a letra de algumas can\u00e7\u00f5es do Zeca, Jos\u00e9 M\u00e1rio Branco, um dos principais orquestradores da sua m\u00fasica, Al\u00edpio de Freitas e o encenador M\u00e1rio Barradas, entre outros. \u00c0 noite, re\u00fanem-se em concerto o grupo galego Ardent\u00eda e o espect\u00e1culo \u00abMaio, Maduro Maio\u00bb, com Am\u00e9lia Muge, Jo\u00e3o Afonso e Jos\u00e9 M\u00e1rio Branco. <\/div>\n<div align=\"justify\"><\/div>\n<div align=\"justify\">Dia 3 de Mar\u00e7o, realiza-se novo concerto no Teatro S\u00e1 de Miranda, em Viana do Castelo, e a 26 de Maio a jovem Associa\u00e7\u00e3o Cultural RITUS, em Milheiros de Poiares, realiza uma exposi\u00e7\u00e3o evocativa com alunos das escolas da regi\u00e3o de Vila da Feira. Muitas s\u00e3o as iniciativas que a AJA, que celebra 20 anos no pr\u00f3ximo dia 18 de Novembro, promove at\u00e9 ao final do ano para partilhar \u201co imagin\u00e1rio do Zeca com quem nunca o conheceu, nem \u00e0 sua m\u00fasica, muitas vezes em locais onde ele n\u00e3o chegou a tocar\u201d, sublinhou Paulo Esperan\u00e7a. Destaque para a possibilidade de animar com m\u00fasica as esta\u00e7\u00f5es de Metro do Porto e de dedicar um dia da Feira do Livro do Porto a Jos\u00e9 Afonso. Ser\u00e1 ainda lan\u00e7ado o livro \u00abAdriano Sempre\u00bb, pela Arca das Letras.<\/div>\n<div align=\"justify\"><\/div>\n<div align=\"justify\"><\/div>\n","protected":false},"excerpt":{"rendered":"<p>Celebrar o Zeca cidad\u00e3o. O n\u00facleo do Norte da Associa\u00e7\u00e3o Jos\u00e9 Afonso preparou um conjunto de iniciativas para celebrar a vida e obra do poeta e m\u00fasico, no ano em que passam 20 anos sobre a sua morte, a 23 de Fevereiro de 1987. Uma l\u00f3gica de cidadania preside \u00e0 homenagem, com exposi\u00e7\u00f5es, debates e [&hellip;]<\/p>\n","protected":false},"author":5,"featured_media":0,"comment_status":"open","ping_status":"open","sticky":false,"template":"","format":"standard","meta":[],"categories":[89],"tags":[],"_links":{"self":[{"href":"https:\/\/aja.pt\/en\/wp-json\/wp\/v2\/posts\/7624"}],"collection":[{"href":"https:\/\/aja.pt\/en\/wp-json\/wp\/v2\/posts"}],"about":[{"href":"https:\/\/aja.pt\/en\/wp-json\/wp\/v2\/types\/post"}],"author":[{"embeddable":true,"href":"https:\/\/aja.pt\/en\/wp-json\/wp\/v2\/users\/5"}],"replies":[{"embeddable":true,"href":"https:\/\/aja.pt\/en\/wp-json\/wp\/v2\/comments?post=7624"}],"version-history":[{"count":0,"href":"https:\/\/aja.pt\/en\/wp-json\/wp\/v2\/posts\/7624\/revisions"}],"wp:attachment":[{"href":"https:\/\/aja.pt\/en\/wp-json\/wp\/v2\/media?parent=7624"}],"wp:term":[{"taxonomy":"category","embeddable":true,"href":"https:\/\/aja.pt\/en\/wp-json\/wp\/v2\/categories?post=7624"},{"taxonomy":"post_tag","embeddable":true,"href":"https:\/\/aja.pt\/en\/wp-json\/wp\/v2\/tags?post=7624"}],"curies":[{"name":"wp","href":"https:\/\/api.w.org\/{rel}","templated":true}]}}