{"id":7488,"date":"2006-11-01T10:34:00","date_gmt":"2006-11-01T10:34:00","guid":{"rendered":"https:\/\/aja.pt\/wp\/?p=7488"},"modified":"2021-12-17T11:40:09","modified_gmt":"2021-12-17T11:40:09","slug":"cantiga-de-amigo-alipio-de-freitas","status":"publish","type":"post","link":"https:\/\/aja.pt\/en\/cantiga-de-amigo-alipio-de-freitas\/","title":{"rendered":"CANTIGA DE AMIGO &#8211; Al\u00edpio de Freitas"},"content":{"rendered":"<div align=\"justify\">Falar de algu\u00e9m que est\u00e1 sempre presente \u00e9 muito, muito dif\u00edcil. E ainda mais se esse algu\u00e9m que, mais do que um amigo, \u00e9 um irm\u00e3o g\u00e9meo. \u00c9 assim que me sinto quando tenho que falar ou escrever sobre o Zeca. Conhecemo-nos sem sequer nos termos visto. Ele, cantando para que a liberdade florescesse. Eu, lutando para que, de t\u00e3o oprimida, n\u00e3o morresse. T\u00ednhamos o Oceano pelo meio, n\u00e3o como dist\u00e2ncia, mas como caminho. Para a solidariedade, os muros de qualquer Fortaleza n\u00e3o existem. Quando, finalmente, nos encontr\u00e1mos, descobrimos que t\u00ednhamos mil coisas a nos dizer. E foi sempre assim, at\u00e9 que ele partiu para outra viagem, para a Cidade da Utopia (quem sabe?), onde a cantiga \u00e9 apenas um hino \u00e0 fraternidade.<\/p>\n<p>Digo que partiu e digo que ficou. Na mem\u00f3ria, no afecto e no retrato que est\u00e1 aqui, ao meu lado, junto do Cardenal, do Cristo de Dali, do Che, do Gregorio Bezerra e dos companheiros da Fortaleza de Santa Cruz. Estamos todos aqui, nas fotos, na lembran\u00e7a e na m\u00fasica, em di\u00e1logo permanente sobre o presente e sobre o futuro, aquele futuro do qual n\u00e3o desistiremos jamais&#8230; Esperem um pouco&#8230; Eu volto J\u00e1&#8230; Tenho de ir ao quintal respirar e conversar com as \u00e1rvores porque o cora\u00e7\u00e3o se me aperta com a presen\u00e7a-aus\u00eancia do Zeca. E dos outros. E eu que pensava que a vida j\u00e1 me tinha endurecido o bastante para contrariar a emo\u00e7\u00e3o. Mas n\u00e3o. <\/p><\/div>\n<div align=\"justify\">Houve um tempo em que o mundo que ouviu o Zeca, talvez por m\u00e1 consci\u00eancia, pareceu querer esquec\u00ea-lo. Mas as pessoas s\u00e3o como as sementes. Se s\u00e3o boas, quando descem \u00e0 terra. frutificam, multiplicam-se por mil. Como o Zeca era uma boa semente, passado o Inverno e aparecida a Primavera explodiu em flores e frutos. E a\u00ed est\u00e1, n\u00e3o apenas na voz dos amigos fi\u00e9is que sempre o cantaram, mas, mais que tudo, nas vozes de uma gera\u00e7\u00e3o que nem sequer o conheceu. O Zeca acendeu uma luz que ningu\u00e9m pode apagar ou deixar de ver. Sempre acreditei nisso. A luz, a fraternidade, a solidariedade, a amizade, a beleza, o amor, s\u00e3o difusivos por si mesmos. O mundo n\u00e3o pode passar sem eles. Por isso o Zeca estar\u00e1 sempre connosco. <\/div>\n","protected":false},"excerpt":{"rendered":"<p>Falar de algu\u00e9m que est\u00e1 sempre presente \u00e9 muito, muito dif\u00edcil. E ainda mais se esse algu\u00e9m que, mais do que um amigo, \u00e9 um irm\u00e3o g\u00e9meo. \u00c9 assim que me sinto quando tenho que falar ou escrever sobre o Zeca. Conhecemo-nos sem sequer nos termos visto. Ele, cantando para que a liberdade florescesse. Eu, [&hellip;]<\/p>\n","protected":false},"author":5,"featured_media":0,"comment_status":"open","ping_status":"open","sticky":false,"template":"","format":"standard","meta":[],"categories":[144,77],"tags":[],"_links":{"self":[{"href":"https:\/\/aja.pt\/en\/wp-json\/wp\/v2\/posts\/7488"}],"collection":[{"href":"https:\/\/aja.pt\/en\/wp-json\/wp\/v2\/posts"}],"about":[{"href":"https:\/\/aja.pt\/en\/wp-json\/wp\/v2\/types\/post"}],"author":[{"embeddable":true,"href":"https:\/\/aja.pt\/en\/wp-json\/wp\/v2\/users\/5"}],"replies":[{"embeddable":true,"href":"https:\/\/aja.pt\/en\/wp-json\/wp\/v2\/comments?post=7488"}],"version-history":[{"count":0,"href":"https:\/\/aja.pt\/en\/wp-json\/wp\/v2\/posts\/7488\/revisions"}],"wp:attachment":[{"href":"https:\/\/aja.pt\/en\/wp-json\/wp\/v2\/media?parent=7488"}],"wp:term":[{"taxonomy":"category","embeddable":true,"href":"https:\/\/aja.pt\/en\/wp-json\/wp\/v2\/categories?post=7488"},{"taxonomy":"post_tag","embeddable":true,"href":"https:\/\/aja.pt\/en\/wp-json\/wp\/v2\/tags?post=7488"}],"curies":[{"name":"wp","href":"https:\/\/api.w.org\/{rel}","templated":true}]}}