{"id":7487,"date":"2006-10-29T00:15:00","date_gmt":"2006-10-29T00:15:00","guid":{"rendered":"https:\/\/aja.pt\/wp\/?p=7487"},"modified":"2021-12-17T11:40:09","modified_gmt":"2021-12-17T11:40:09","slug":"o-aniversario-da-aja-norte","status":"publish","type":"post","link":"https:\/\/aja.pt\/en\/o-aniversario-da-aja-norte\/","title":{"rendered":"O anivers\u00e1rio da Aja Norte"},"content":{"rendered":"<div align=\"justify\">Com o objectivo de comemorar o 1\u00ba anivers\u00e1rio da AJANORTE (N\u00facleo do Norte da Associa\u00e7\u00e3o Jos\u00e9 Afonso), realizou-se um jantar seguido de alegre e participado conv\u00edvio, entre cerca de quatro dezenas de convidados. O local escolhido foi o Restaurante do senhor Jorge, em fente \u00e0 esta\u00e7\u00e3o de Campanh\u00e3 na cidade do Porto. Depois das acolhedoras palavras proferidas para o efeito pela Judite Almeida,  foi a vez de Al\u00edpio de Freitas cumprimentar todos os presentes elogiando o trabalho realizado pela Ajanorte, quer pelas iniciativas realizadas no seu primeiro ano de exist\u00eancia, quer pelo esfor\u00e7o desenvolvido nos contactos estabelecidos entre diversas entidades e organiza\u00e7\u00f5es culturais, tendo em vista a realiza\u00e7\u00e3o de novas iniciativas para o ano de 2007. Animados por num projecto em torno da divulga\u00e7\u00e3o da obra de Jos\u00e9 Afonso, nosso querido poeta-cantor, para Al\u00edpio de Freitas a Ajanorte tem contribuindo de uma forma alegre e cativante sendo exemplo demonstrativo de como com trabalho e a humildade, se consegue contornar obst\u00e1culos, dignificando a AJA e todos os seus membros.<br \/>Seguiram-se as m\u00fasicas e as can\u00e7\u00f5es, contando com a participa\u00e7\u00e3o do grupo Ajafor\u00e7a, Manuel Ramalho, Jo\u00e3o Teixeira, Jos\u00e9 Silva, Fernando Lacerda e Tino Flores.<br \/>N\u00e3o poderia-mos deixar de salientar e agradecer o servi\u00e7o prestado pelo restaurante, e do seu propriet\u00e1rio senhor Jorge, o qual depois de tudo bem servido nos presenteou com a sua presen\u00e7a e participa\u00e7\u00e3o, comentando que assim d\u00e1 gosto trabalhar e receber clientes.<br \/>No final era bem vis\u00edvel a satisfa\u00e7\u00e3o de todos.<\/div>\n<div align=\"justify\">\n<\/div>\n<div align=\"justify\"><\/div>\n<div align=\"justify\">Jos\u00e9 Luis Guimar\u00e3es<\/div>\n","protected":false},"excerpt":{"rendered":"<p>Com o objectivo de comemorar o 1\u00ba anivers\u00e1rio da AJANORTE (N\u00facleo do Norte da Associa\u00e7\u00e3o Jos\u00e9 Afonso), realizou-se um jantar seguido de alegre e participado conv\u00edvio, entre cerca de quatro dezenas de convidados. O local escolhido foi o Restaurante do senhor Jorge, em fente \u00e0 esta\u00e7\u00e3o de Campanh\u00e3 na cidade do Porto. Depois das acolhedoras [&hellip;]<\/p>\n","protected":false},"author":5,"featured_media":0,"comment_status":"open","ping_status":"open","sticky":false,"template":"","format":"standard","meta":[],"categories":[89],"tags":[],"_links":{"self":[{"href":"https:\/\/aja.pt\/en\/wp-json\/wp\/v2\/posts\/7487"}],"collection":[{"href":"https:\/\/aja.pt\/en\/wp-json\/wp\/v2\/posts"}],"about":[{"href":"https:\/\/aja.pt\/en\/wp-json\/wp\/v2\/types\/post"}],"author":[{"embeddable":true,"href":"https:\/\/aja.pt\/en\/wp-json\/wp\/v2\/users\/5"}],"replies":[{"embeddable":true,"href":"https:\/\/aja.pt\/en\/wp-json\/wp\/v2\/comments?post=7487"}],"version-history":[{"count":0,"href":"https:\/\/aja.pt\/en\/wp-json\/wp\/v2\/posts\/7487\/revisions"}],"wp:attachment":[{"href":"https:\/\/aja.pt\/en\/wp-json\/wp\/v2\/media?parent=7487"}],"wp:term":[{"taxonomy":"category","embeddable":true,"href":"https:\/\/aja.pt\/en\/wp-json\/wp\/v2\/categories?post=7487"},{"taxonomy":"post_tag","embeddable":true,"href":"https:\/\/aja.pt\/en\/wp-json\/wp\/v2\/tags?post=7487"}],"curies":[{"name":"wp","href":"https:\/\/api.w.org\/{rel}","templated":true}]}}