{"id":7387,"date":"2006-08-02T09:26:00","date_gmt":"2006-08-02T09:26:00","guid":{"rendered":"https:\/\/aja.pt\/wp\/?p=7387"},"modified":"2021-12-17T11:41:06","modified_gmt":"2021-12-17T11:41:06","slug":"2-de-agosto-data-de-nascimento-de-jose-afonso","status":"publish","type":"post","link":"https:\/\/aja.pt\/en\/2-de-agosto-data-de-nascimento-de-jose-afonso\/","title":{"rendered":"2 de Agosto &#8211; data de nascimento de Jos\u00e9 Afonso"},"content":{"rendered":"<div align=\"justify\"><a href=\"http:\/\/photos1.blogger.com\/blogger\/3834\/1014\/1600\/bio1.png\"><img alt=\"\" border=\"0\" src=\"http:\/\/photos1.blogger.com\/blogger\/3834\/1014\/320\/bio1.png\" style=\"cursor: hand; float: left; margin: 0px 10px 10px 0px;\" \/><\/a> <em><strong>&#8220;Parece que em princ\u00edpio ningu\u00e9m se lembra do acto de nascimento. Cientifi\u00adcamente n\u00e3o se pode confirmar que um indiv\u00edduo que nasce tenha a percep\u00e7\u00e3o do seu pr\u00f3prio nascimento. Agora que existe uma imagem persistente, uma luz muito difusa, transl\u00facida e que atrav\u00e9s dessa luz figuras mal definidas se debru\u00ad\u00e7am sobre mim e a minha m\u00e3e&#8230;, tenho uma ideia disso. H\u00e1 muitos anos que te\u00adnho essa impress\u00e3o.\u00bb<\/strong><\/em><br \/><em><strong><br \/><\/strong><\/em>Para Jos\u00e9 Afonso, que assim \u00abrevelou\u00bbo seu pr\u00f3prio nascimento a Lu\u00eds Filipe Rocha, <em><strong>\u00abtudo parte de uma luz indife\u00adrenci\u00e1vel, uma luz que invade tudo, que me penetra por todos os lados, n\u00e3o \u00e9? Progressivamente atrav\u00e9s dessa luz vou distinguindo uma ou outra fi\u00adgura. Tudo parte de uma luz branca, uma luz l\u00e1ctea. E n\u00e3o \u00e9 uma luz do ti\u00adpo hectoplasma ou transcendental. Pelo contr\u00e1rio, \u00e9 uma luz imanente, uma luz muito vital, como se fosse uma pel\u00edcula, como se fosse um banho de leite, est\u00e1s a perceber? Que me mergulhasse a mim ou que mergulhasse o universo.\u00bb<\/strong><\/em> <\/div>\n","protected":false},"excerpt":{"rendered":"<p>&#8220;Parece que em princ\u00edpio ningu\u00e9m se lembra do acto de nascimento. Cientifi\u00adcamente n\u00e3o se pode confirmar que um indiv\u00edduo que nasce tenha a percep\u00e7\u00e3o do seu pr\u00f3prio nascimento. Agora que existe uma imagem persistente, uma luz muito difusa, transl\u00facida e que atrav\u00e9s dessa luz figuras mal definidas se debru\u00ad\u00e7am sobre mim e a minha m\u00e3e&#8230;, [&hellip;]<\/p>\n","protected":false},"author":5,"featured_media":7388,"comment_status":"open","ping_status":"open","sticky":false,"template":"","format":"standard","meta":[],"categories":[86],"tags":[],"_links":{"self":[{"href":"https:\/\/aja.pt\/en\/wp-json\/wp\/v2\/posts\/7387"}],"collection":[{"href":"https:\/\/aja.pt\/en\/wp-json\/wp\/v2\/posts"}],"about":[{"href":"https:\/\/aja.pt\/en\/wp-json\/wp\/v2\/types\/post"}],"author":[{"embeddable":true,"href":"https:\/\/aja.pt\/en\/wp-json\/wp\/v2\/users\/5"}],"replies":[{"embeddable":true,"href":"https:\/\/aja.pt\/en\/wp-json\/wp\/v2\/comments?post=7387"}],"version-history":[{"count":0,"href":"https:\/\/aja.pt\/en\/wp-json\/wp\/v2\/posts\/7387\/revisions"}],"wp:featuredmedia":[{"embeddable":true,"href":"https:\/\/aja.pt\/en\/wp-json\/wp\/v2\/media\/7388"}],"wp:attachment":[{"href":"https:\/\/aja.pt\/en\/wp-json\/wp\/v2\/media?parent=7387"}],"wp:term":[{"taxonomy":"category","embeddable":true,"href":"https:\/\/aja.pt\/en\/wp-json\/wp\/v2\/categories?post=7387"},{"taxonomy":"post_tag","embeddable":true,"href":"https:\/\/aja.pt\/en\/wp-json\/wp\/v2\/tags?post=7387"}],"curies":[{"name":"wp","href":"https:\/\/api.w.org\/{rel}","templated":true}]}}