{"id":7377,"date":"2006-07-28T22:43:00","date_gmt":"2006-07-28T22:43:00","guid":{"rendered":"https:\/\/aja.pt\/wp\/?p=7377"},"modified":"2021-12-17T11:41:07","modified_gmt":"2021-12-17T11:41:07","slug":"antonio-pedro-vasconcelos-sobre-o-zeca","status":"publish","type":"post","link":"https:\/\/aja.pt\/en\/antonio-pedro-vasconcelos-sobre-o-zeca\/","title":{"rendered":"Ant\u00f3nio Pedro Vasconcelos sobre o Zeca"},"content":{"rendered":"<div align=\"justify\"><em>\u00abMorra um homem. Fique a fama\u00bb.<\/em> (Z\u00e9 do Telhado)<\/p>\n<p>Era um senhor. Desprendido e simples.<br \/>Arrogante e firme. Um aristocrata. De uma esp\u00e9cie em vias de extin\u00e7\u00e3o: um homem livre.<br \/>Quis um pano vermelho a cobrir-lhe o caix\u00e3o, porque era fiel, como os partisans do poema de Aragon -, mas sem ins\u00edgnias, porque, se ele serviu de bandeira a muita gente, a muitos grupos e partidos, a quem emprestou a voz, a bolsa e a vida, n\u00e3o pertencia a ningu\u00e9m. Era de uma esp\u00e9cie em vias de extin\u00e7\u00e3o: um homem livre, solit\u00e1rio e fraterno.<br \/>E ademais um poeta. Um grande poeta l\u00edrico, &#8211; da fam\u00edlia de Nobre e Cam\u00f5es. Um cantor -, como Dylan e Ferr\u00e9. T\u00e3o grande ou maior do que eles todos, como pretendia Paco Ibanez? Talvez, mesmo se uma doen\u00e7a traidora e a m\u00e1 sorte de nascer em Portugal, . que ele tanto e t\u00e3o bem amou, lhe fecharam t\u00e3o cedo os horizontes.<br \/>Berlioz fez adoptar a \u00abMarselhesa\u00bb pelo povo de Paris, nos dias euf\u00f3ricos de Julho; ele comp\u00f4s a \u00abGr\u00e2ndola\u00bb em comunh\u00e3o clandestina com o povo, que a iria adoptar nos dias memor\u00e1veis de Abril. \u00c9 ela, e n\u00e3o a \u00abPortuguesa\u00bb, o nosso Hino Nacional.<br \/>Dizem que teve d\u00favidas, hesita\u00e7\u00f5es, desalentos. Era o sinal da grandeza. Mas n\u00e3o baralhava os inimigos: a mis\u00e9ria e o medo, a mentira e o abuso.<br \/>Nestes tempos de promiscuidade e mem\u00f3ria curta, em que uma esp\u00e9cie de SIDA moral come\u00e7a a contaminar tudo e todos, ele disse sempre de que lado estava, sem ambiguidades. Era um homem de esquerda, irredut\u00edvel, irreconcili\u00e1vel. Um exemplo. <\/div>\n","protected":false},"excerpt":{"rendered":"<p>\u00abMorra um homem. Fique a fama\u00bb. (Z\u00e9 do Telhado) Era um senhor. Desprendido e simples.Arrogante e firme. Um aristocrata. De uma esp\u00e9cie em vias de extin\u00e7\u00e3o: um homem livre.Quis um pano vermelho a cobrir-lhe o caix\u00e3o, porque era fiel, como os partisans do poema de Aragon -, mas sem ins\u00edgnias, porque, se ele serviu de [&hellip;]<\/p>\n","protected":false},"author":5,"featured_media":0,"comment_status":"open","ping_status":"open","sticky":false,"template":"","format":"standard","meta":[],"categories":[155,77],"tags":[],"_links":{"self":[{"href":"https:\/\/aja.pt\/en\/wp-json\/wp\/v2\/posts\/7377"}],"collection":[{"href":"https:\/\/aja.pt\/en\/wp-json\/wp\/v2\/posts"}],"about":[{"href":"https:\/\/aja.pt\/en\/wp-json\/wp\/v2\/types\/post"}],"author":[{"embeddable":true,"href":"https:\/\/aja.pt\/en\/wp-json\/wp\/v2\/users\/5"}],"replies":[{"embeddable":true,"href":"https:\/\/aja.pt\/en\/wp-json\/wp\/v2\/comments?post=7377"}],"version-history":[{"count":0,"href":"https:\/\/aja.pt\/en\/wp-json\/wp\/v2\/posts\/7377\/revisions"}],"wp:attachment":[{"href":"https:\/\/aja.pt\/en\/wp-json\/wp\/v2\/media?parent=7377"}],"wp:term":[{"taxonomy":"category","embeddable":true,"href":"https:\/\/aja.pt\/en\/wp-json\/wp\/v2\/categories?post=7377"},{"taxonomy":"post_tag","embeddable":true,"href":"https:\/\/aja.pt\/en\/wp-json\/wp\/v2\/tags?post=7377"}],"curies":[{"name":"wp","href":"https:\/\/api.w.org\/{rel}","templated":true}]}}