{"id":7318,"date":"2006-07-13T09:57:00","date_gmt":"2006-07-13T09:57:00","guid":{"rendered":"https:\/\/aja.pt\/wp\/?p=7318"},"modified":"2021-12-17T11:41:07","modified_gmt":"2021-12-17T11:41:07","slug":"testemunho-de-uma-vida-por-alipio-de-freitas","status":"publish","type":"post","link":"https:\/\/aja.pt\/en\/testemunho-de-uma-vida-por-alipio-de-freitas\/","title":{"rendered":"&#8220;Testemunho de Uma Vida&#8221; por Al\u00edpio de Freitas"},"content":{"rendered":"<p>Tert\u00falia realizada quarta feira, dia 12 de Julho, na Unicepe &#8211; Porto, ap\u00f3s o jantar de amizade em honra do Al\u00edpio de Freitas. <br \/><em><em><em><strong><br \/>Olhar que engana o tempo;<br \/>Palavras que cantam a alegria de ter sofrido;<br \/>Na pris\u00e3o de tira-dentes n\u00e3o lhe roubaram a alma<\/strong><\/em><\/em><\/em><\/p>\n<p><a href=\"http:\/\/photos1.blogger.com\/blogger\/3834\/1014\/1600\/sem%20t%3F%3Ftulo.1.jpg\"><img alt=\"\" border=\"0\" src=\"http:\/\/photos1.blogger.com\/blogger\/3834\/1014\/320\/sem%20t%3F%3Ftulo.0.jpg\" style=\"cursor: hand; cursor: pointer; display: block; margin: 0px auto 10px; text-align: center;\" \/><\/a><br \/><a href=\"http:\/\/photos1.blogger.com\/blogger\/3834\/1014\/1600\/sem%20t%3F%3Ftulo3.1.jpg\"><img alt=\"\" border=\"0\" src=\"http:\/\/photos1.blogger.com\/blogger\/3834\/1014\/320\/sem%20t%3F%3Ftulo3.0.jpg\" style=\"cursor: hand; cursor: pointer; display: block; margin: 0px auto 10px; text-align: center;\" \/><\/a><br \/><a href=\"http:\/\/photos1.blogger.com\/blogger\/3834\/1014\/1600\/sem%20t%3F%3Ftulo3.0.jpg\"><img alt=\"\" border=\"0\" src=\"http:\/\/photos1.blogger.com\/blogger\/3834\/1014\/320\/sem%20t%3F%3Ftulo3.jpg\" style=\"cursor: hand; cursor: pointer; display: block; margin: 0px auto 10px; text-align: center;\" \/><\/a><br \/><a href=\"http:\/\/photos1.blogger.com\/blogger\/3834\/1014\/1600\/sem%20t%3F%3Ftulo4.0.jpg\"><img alt=\"\" border=\"0\" src=\"http:\/\/photos1.blogger.com\/blogger\/3834\/1014\/320\/sem%20t%3F%3Ftulo4.jpg\" style=\"cursor: hand; cursor: pointer; display: block; margin: 0px auto 10px; text-align: center;\" \/><\/a><br \/><a href=\"http:\/\/photos1.blogger.com\/blogger\/3834\/1014\/1600\/sem%20t%3F%3Ftulo5.0.jpg\"><img alt=\"\" border=\"0\" src=\"http:\/\/photos1.blogger.com\/blogger\/3834\/1014\/320\/sem%20t%3F%3Ftulo5.jpg\" style=\"cursor: hand; cursor: pointer; display: block; margin: 0px auto 10px; text-align: center;\" \/><\/a><\/p>\n","protected":false},"excerpt":{"rendered":"<p>Tert\u00falia realizada quarta feira, dia 12 de Julho, na Unicepe &#8211; Porto, ap\u00f3s o jantar de amizade em honra do Al\u00edpio de Freitas. Olhar que engana o tempo;Palavras que cantam a alegria de ter sofrido;Na pris\u00e3o de tira-dentes n\u00e3o lhe roubaram a alma<\/p>\n","protected":false},"author":5,"featured_media":7319,"comment_status":"open","ping_status":"open","sticky":false,"template":"","format":"standard","meta":[],"categories":[144],"tags":[],"_links":{"self":[{"href":"https:\/\/aja.pt\/en\/wp-json\/wp\/v2\/posts\/7318"}],"collection":[{"href":"https:\/\/aja.pt\/en\/wp-json\/wp\/v2\/posts"}],"about":[{"href":"https:\/\/aja.pt\/en\/wp-json\/wp\/v2\/types\/post"}],"author":[{"embeddable":true,"href":"https:\/\/aja.pt\/en\/wp-json\/wp\/v2\/users\/5"}],"replies":[{"embeddable":true,"href":"https:\/\/aja.pt\/en\/wp-json\/wp\/v2\/comments?post=7318"}],"version-history":[{"count":0,"href":"https:\/\/aja.pt\/en\/wp-json\/wp\/v2\/posts\/7318\/revisions"}],"wp:featuredmedia":[{"embeddable":true,"href":"https:\/\/aja.pt\/en\/wp-json\/wp\/v2\/media\/7319"}],"wp:attachment":[{"href":"https:\/\/aja.pt\/en\/wp-json\/wp\/v2\/media?parent=7318"}],"wp:term":[{"taxonomy":"category","embeddable":true,"href":"https:\/\/aja.pt\/en\/wp-json\/wp\/v2\/categories?post=7318"},{"taxonomy":"post_tag","embeddable":true,"href":"https:\/\/aja.pt\/en\/wp-json\/wp\/v2\/tags?post=7318"}],"curies":[{"name":"wp","href":"https:\/\/api.w.org\/{rel}","templated":true}]}}