{"id":7309,"date":"2006-06-30T07:27:00","date_gmt":"2006-06-30T07:27:00","guid":{"rendered":"https:\/\/aja.pt\/wp\/?p=7309"},"modified":"2021-12-17T11:41:07","modified_gmt":"2021-12-17T11:41:07","slug":"depois-de-um-dia-trabalho-vieram-mais-de-cinco","status":"publish","type":"post","link":"https:\/\/aja.pt\/en\/depois-de-um-dia-trabalho-vieram-mais-de-cinco\/","title":{"rendered":"Depois de um dia trabalho, vieram mais de cinco&#8230;"},"content":{"rendered":"<div style=\"text-align: justify;\">Dirigido ao pessoal da PT-Porto e com o objectivo de lembrar Jos\u00e9 Afonso, a AJA -NORTE realizou nas instala\u00e7\u00f5es do pessoal da PT em Tenente Valadim um conv\u00edvio com o tema &#8220;VENHAM MAIS CINCO&#8221;.<\/div>\n<div style=\"text-align: justify;\"><\/div>\n<div style=\"text-align: justify;\">Depois de um dia normal de trabalho, os presentes poderam ouvir e cantar temas interpretados pelo Grupo Musical AJA FOR\u00c7A. A participa\u00e7\u00e3o do referido grupo musical estava prevista para trinta minutos, mas prolongou-se por cerca de uma hora.<\/div>\n<p><img alt=\"\" border=\"0\" src=\"http:\/\/photos1.blogger.com\/blogger\/3834\/1014\/400\/untitled4.0.jpg\" style=\"cursor: hand; display: block; margin: 0px auto 10px; text-align: center;\" \/><br \/><a href=\"http:\/\/photos1.blogger.com\/blogger\/3834\/1014\/1600\/untitled3.1.jpg\"><img alt=\"\" border=\"0\" src=\"http:\/\/photos1.blogger.com\/blogger\/3834\/1014\/400\/untitled3.0.jpg\" style=\"cursor: hand; display: block; margin: 0px auto 10px; text-align: center;\" \/><\/a><br \/><a href=\"http:\/\/photos1.blogger.com\/blogger\/3834\/1014\/1600\/untitled2.2.jpg\"><img alt=\"\" border=\"0\" src=\"http:\/\/photos1.blogger.com\/blogger\/3834\/1014\/400\/untitled2.1.jpg\" style=\"cursor: hand; display: block; margin: 0px auto 10px; text-align: center;\" \/><\/a><br \/><a href=\"http:\/\/photos1.blogger.com\/blogger\/3834\/1014\/1600\/untitled.15.jpg\"><img alt=\"\" border=\"0\" src=\"http:\/\/photos1.blogger.com\/blogger\/3834\/1014\/400\/untitled.4.jpg\" style=\"cursor: hand; display: block; margin: 0px auto 10px; text-align: center;\" \/><\/a><br \/><a href=\"http:\/\/photos1.blogger.com\/blogger\/3834\/1014\/1600\/untitled.14.jpg\"><\/a><\/p>\n","protected":false},"excerpt":{"rendered":"<p>Dirigido ao pessoal da PT-Porto e com o objectivo de lembrar Jos\u00e9 Afonso, a AJA -NORTE realizou nas instala\u00e7\u00f5es do pessoal da PT em Tenente Valadim um conv\u00edvio com o tema &#8220;VENHAM MAIS CINCO&#8221;. Depois de um dia normal de trabalho, os presentes poderam ouvir e cantar temas interpretados pelo Grupo Musical AJA FOR\u00c7A. A [&hellip;]<\/p>\n","protected":false},"author":5,"featured_media":7310,"comment_status":"open","ping_status":"open","sticky":false,"template":"","format":"standard","meta":[],"categories":[89],"tags":[],"_links":{"self":[{"href":"https:\/\/aja.pt\/en\/wp-json\/wp\/v2\/posts\/7309"}],"collection":[{"href":"https:\/\/aja.pt\/en\/wp-json\/wp\/v2\/posts"}],"about":[{"href":"https:\/\/aja.pt\/en\/wp-json\/wp\/v2\/types\/post"}],"author":[{"embeddable":true,"href":"https:\/\/aja.pt\/en\/wp-json\/wp\/v2\/users\/5"}],"replies":[{"embeddable":true,"href":"https:\/\/aja.pt\/en\/wp-json\/wp\/v2\/comments?post=7309"}],"version-history":[{"count":0,"href":"https:\/\/aja.pt\/en\/wp-json\/wp\/v2\/posts\/7309\/revisions"}],"wp:featuredmedia":[{"embeddable":true,"href":"https:\/\/aja.pt\/en\/wp-json\/wp\/v2\/media\/7310"}],"wp:attachment":[{"href":"https:\/\/aja.pt\/en\/wp-json\/wp\/v2\/media?parent=7309"}],"wp:term":[{"taxonomy":"category","embeddable":true,"href":"https:\/\/aja.pt\/en\/wp-json\/wp\/v2\/categories?post=7309"},{"taxonomy":"post_tag","embeddable":true,"href":"https:\/\/aja.pt\/en\/wp-json\/wp\/v2\/tags?post=7309"}],"curies":[{"name":"wp","href":"https:\/\/api.w.org\/{rel}","templated":true}]}}