{"id":44456,"date":"2024-06-05T12:15:51","date_gmt":"2024-06-05T12:15:51","guid":{"rendered":"https:\/\/aja.pt\/?p=44456"},"modified":"2024-06-05T12:15:55","modified_gmt":"2024-06-05T12:15:55","slug":"conferencia-de-imprensa","status":"publish","type":"post","link":"https:\/\/aja.pt\/en\/conferencia-de-imprensa\/","title":{"rendered":"Confer\u00eancia de imprensa"},"content":{"rendered":"\n<figure class=\"wp-block-image size-large\"><img loading=\"lazy\" width=\"1024\" height=\"683\" src=\"https:\/\/aja.pt\/wp-content\/uploads\/2024\/06\/Convite-Conferencia-1024x683.jpg\" alt=\"\" class=\"wp-image-44459\" srcset=\"https:\/\/aja.pt\/wp-content\/uploads\/2024\/06\/Convite-Conferencia-1024x683.jpg 1024w, https:\/\/aja.pt\/wp-content\/uploads\/2024\/06\/Convite-Conferencia-300x200.jpg 300w, https:\/\/aja.pt\/wp-content\/uploads\/2024\/06\/Convite-Conferencia-768x512.jpg 768w, https:\/\/aja.pt\/wp-content\/uploads\/2024\/06\/Convite-Conferencia-1140x760.jpg 1140w, https:\/\/aja.pt\/wp-content\/uploads\/2024\/06\/Convite-Conferencia.jpg 1200w\" sizes=\"(max-width: 1024px) 100vw, 1024px\" \/><\/figure>\n\n\n\n<p>A AJA \u2013 Associa\u00e7\u00e3o Jos\u00e9 Afonso convida a participar na Confer\u00eancia de Imprensa que se realizar\u00e1 no pr\u00f3ximo dia 11 de Junho, ter\u00e7a-feira, pelas 11:00h, no N\u00facleo AJA Lisboa (Rua de S\u00e3o Bento, 170).<\/p>\n\n\n\n<p>No ano em que se assinala o 50\u00ba anivers\u00e1rio da Revolu\u00e7\u00e3o do Cravos, os valores de Abril continuam depois de Maio e, na Associa\u00e7\u00e3o Jos\u00e9 Afonso, norteiam a sua atividade deste 1987 com muitos projetos futuros de dinamiza\u00e7\u00e3o cultural e celebra\u00e7\u00e3o da obra e exemplo de Jos\u00e9 Afonso enquanto poeta, cantor e artista militante.<\/p>\n\n\n\n<p>Nesta Confer\u00eancia de Imprensa gostar\u00edamos de partilhar o trabalho desenvolvido pela AJA e apresentar o programa das pr\u00f3ximas iniciativas.<\/p>\n\n\n\n<p>\u201cO que \u00e9 preciso \u00e9 criar desassossego\u201d<br>Jos\u00e9 Afonso<\/p>\n\n\n\n<p>Programa:<br><br>| 10:45 \u2013 11:00 &#8211; Recep\u00e7\u00e3o aos convidados<br>| Sess\u00e3o de Abertura &#8211; por Francisco Fanhais<br>| AJA Passado e Presente &#8211; por Guadalupe Portelinha<br>| Apresenta\u00e7\u00e3o do livro \u201cSemeador de Palavras &#8211; Entrevistas a Jos\u00e9 Afonso\u201d, colet\u00e2nea editada pela AJA &#8211; por Guadalupe Portelinha;<br>| AJA Futuro &#8211; por Jo\u00e3o Madeira<br>| 12:15 &#8211; Perguntas\/Encerramento<\/p>\n\n\n\n<p>RSVP at\u00e9 dia 8 de Junho para o e-mail: ajalisboa.comunicacao@gmail.com<\/p>\n","protected":false},"excerpt":{"rendered":"<p>A AJA \u2013 Associa\u00e7\u00e3o Jos\u00e9 Afonso convida a participar na Confer\u00eancia de Imprensa que se realizar\u00e1 no pr\u00f3ximo dia 11 de Junho, ter\u00e7a-feira, pelas 11:00h, no N\u00facleo AJA Lisboa (Rua de S\u00e3o Bento, 170). No ano em que se assinala o 50\u00ba anivers\u00e1rio da Revolu\u00e7\u00e3o do Cravos, os valores de Abril continuam depois de Maio [&hellip;]<\/p>\n","protected":false},"author":3,"featured_media":44459,"comment_status":"open","ping_status":"open","sticky":false,"template":"","format":"standard","meta":[],"categories":[59],"tags":[],"_links":{"self":[{"href":"https:\/\/aja.pt\/en\/wp-json\/wp\/v2\/posts\/44456"}],"collection":[{"href":"https:\/\/aja.pt\/en\/wp-json\/wp\/v2\/posts"}],"about":[{"href":"https:\/\/aja.pt\/en\/wp-json\/wp\/v2\/types\/post"}],"author":[{"embeddable":true,"href":"https:\/\/aja.pt\/en\/wp-json\/wp\/v2\/users\/3"}],"replies":[{"embeddable":true,"href":"https:\/\/aja.pt\/en\/wp-json\/wp\/v2\/comments?post=44456"}],"version-history":[{"count":1,"href":"https:\/\/aja.pt\/en\/wp-json\/wp\/v2\/posts\/44456\/revisions"}],"predecessor-version":[{"id":44461,"href":"https:\/\/aja.pt\/en\/wp-json\/wp\/v2\/posts\/44456\/revisions\/44461"}],"wp:featuredmedia":[{"embeddable":true,"href":"https:\/\/aja.pt\/en\/wp-json\/wp\/v2\/media\/44459"}],"wp:attachment":[{"href":"https:\/\/aja.pt\/en\/wp-json\/wp\/v2\/media?parent=44456"}],"wp:term":[{"taxonomy":"category","embeddable":true,"href":"https:\/\/aja.pt\/en\/wp-json\/wp\/v2\/categories?post=44456"},{"taxonomy":"post_tag","embeddable":true,"href":"https:\/\/aja.pt\/en\/wp-json\/wp\/v2\/tags?post=44456"}],"curies":[{"name":"wp","href":"https:\/\/api.w.org\/{rel}","templated":true}]}}