{"id":44053,"date":"2024-04-18T18:01:31","date_gmt":"2024-04-18T18:01:31","guid":{"rendered":"https:\/\/aja.pt\/?p=44053"},"modified":"2024-04-18T18:04:23","modified_gmt":"2024-04-18T18:04:23","slug":"tertulia-aja-2","status":"publish","type":"post","link":"https:\/\/aja.pt\/en\/tertulia-aja-2\/","title":{"rendered":"Tert\u00falia AJA"},"content":{"rendered":"\n<figure class=\"wp-block-image size-large\"><img loading=\"lazy\" width=\"1024\" height=\"683\" src=\"https:\/\/aja.pt\/wp-content\/uploads\/2024\/04\/Primeiros-anos-1024x683.jpg\" alt=\"\" class=\"wp-image-44054\" srcset=\"https:\/\/aja.pt\/wp-content\/uploads\/2024\/04\/Primeiros-anos-1024x683.jpg 1024w, https:\/\/aja.pt\/wp-content\/uploads\/2024\/04\/Primeiros-anos-300x200.jpg 300w, https:\/\/aja.pt\/wp-content\/uploads\/2024\/04\/Primeiros-anos-768x512.jpg 768w, https:\/\/aja.pt\/wp-content\/uploads\/2024\/04\/Primeiros-anos-1140x760.jpg 1140w, https:\/\/aja.pt\/wp-content\/uploads\/2024\/04\/Primeiros-anos.jpg 1200w\" sizes=\"(max-width: 1024px) 100vw, 1024px\" \/><\/figure>\n\n\n\n<p>No pr\u00f3ximo s\u00e1bado, dia 20, \u00e0s 16h30, acontece nova Tert\u00falia AJA na <a href=\"https:\/\/www.facebook.com\/casadaculturasetubal?__cft__[0]=AZXPqqcsv3OBrH4Pb3F_MexHY-xQmVYQi3R2qSZihYHnQRGqHukimhpv9BOQV65QC83wknftrwZAJptw5h-Hco5yOnLExqMxj24dla8napRTOsAN4ZDTckTFsNFsZOmG_agMZ5bUNmjpt9QIlMPh-5v-jjju__N-g8E4XjgYwHBivd8EX2I36bZkPhT0Zf5gkqodfFABY5CorZeIh5ad08NL&amp;__tn__=-]K-R\">Casa Da Cultura | Set\u00fabal<\/a>, onde receberemos a apresenta\u00e7\u00e3o do mais recente livro de <a href=\"https:\/\/www.facebook.com\/profile.php?id=100072601864963&amp;__cft__[0]=AZXPqqcsv3OBrH4Pb3F_MexHY-xQmVYQi3R2qSZihYHnQRGqHukimhpv9BOQV65QC83wknftrwZAJptw5h-Hco5yOnLExqMxj24dla8napRTOsAN4ZDTckTFsNFsZOmG_agMZ5bUNmjpt9QIlMPh-5v-jjju__N-g8E4XjgYwHBivd8EX2I36bZkPhT0Zf5gkqodfFABY5CorZeIh5ad08NL&amp;__tn__=-]K-R\">Oct\u00e1vio Fonseca<\/a> publicado pela <a href=\"https:\/\/www.facebook.com\/tradisomproducoesculturais?__cft__[0]=AZXPqqcsv3OBrH4Pb3F_MexHY-xQmVYQi3R2qSZihYHnQRGqHukimhpv9BOQV65QC83wknftrwZAJptw5h-Hco5yOnLExqMxj24dla8napRTOsAN4ZDTckTFsNFsZOmG_agMZ5bUNmjpt9QIlMPh-5v-jjju__N-g8E4XjgYwHBivd8EX2I36bZkPhT0Zf5gkqodfFABY5CorZeIh5ad08NL&amp;__tn__=-]K-R\">Tradisom<\/a>. N\u00e3o faltem.<\/p>\n","protected":false},"excerpt":{"rendered":"<p>No pr\u00f3ximo s\u00e1bado, dia 20, \u00e0s 16h30, acontece nova Tert\u00falia AJA na Casa Da Cultura | Set\u00fabal, onde receberemos a apresenta\u00e7\u00e3o do mais recente livro de Oct\u00e1vio Fonseca publicado pela Tradisom. N\u00e3o faltem.<\/p>\n","protected":false},"author":3,"featured_media":44054,"comment_status":"open","ping_status":"open","sticky":false,"template":"","format":"standard","meta":[],"categories":[59,93],"tags":[],"_links":{"self":[{"href":"https:\/\/aja.pt\/en\/wp-json\/wp\/v2\/posts\/44053"}],"collection":[{"href":"https:\/\/aja.pt\/en\/wp-json\/wp\/v2\/posts"}],"about":[{"href":"https:\/\/aja.pt\/en\/wp-json\/wp\/v2\/types\/post"}],"author":[{"embeddable":true,"href":"https:\/\/aja.pt\/en\/wp-json\/wp\/v2\/users\/3"}],"replies":[{"embeddable":true,"href":"https:\/\/aja.pt\/en\/wp-json\/wp\/v2\/comments?post=44053"}],"version-history":[{"count":2,"href":"https:\/\/aja.pt\/en\/wp-json\/wp\/v2\/posts\/44053\/revisions"}],"predecessor-version":[{"id":44061,"href":"https:\/\/aja.pt\/en\/wp-json\/wp\/v2\/posts\/44053\/revisions\/44061"}],"wp:featuredmedia":[{"embeddable":true,"href":"https:\/\/aja.pt\/en\/wp-json\/wp\/v2\/media\/44054"}],"wp:attachment":[{"href":"https:\/\/aja.pt\/en\/wp-json\/wp\/v2\/media?parent=44053"}],"wp:term":[{"taxonomy":"category","embeddable":true,"href":"https:\/\/aja.pt\/en\/wp-json\/wp\/v2\/categories?post=44053"},{"taxonomy":"post_tag","embeddable":true,"href":"https:\/\/aja.pt\/en\/wp-json\/wp\/v2\/tags?post=44053"}],"curies":[{"name":"wp","href":"https:\/\/api.w.org\/{rel}","templated":true}]}}