{"id":44031,"date":"2024-04-17T14:28:28","date_gmt":"2024-04-17T14:28:28","guid":{"rendered":"https:\/\/aja.pt\/?p=44031"},"modified":"2024-04-18T21:59:46","modified_gmt":"2024-04-18T21:59:46","slug":"venham-mais-6-ultimo-concerto","status":"publish","type":"post","link":"https:\/\/aja.pt\/en\/venham-mais-6-ultimo-concerto\/","title":{"rendered":"&#8220;Venham mais 6&#8221;: \u00faltimo concerto"},"content":{"rendered":"\n<figure class=\"wp-block-image size-large\"><img loading=\"lazy\" width=\"1024\" height=\"683\" src=\"https:\/\/aja.pt\/wp-content\/uploads\/2024\/04\/Toscano-Joao-Paulo-1024x683.jpg\" alt=\"\" class=\"wp-image-44032\" srcset=\"https:\/\/aja.pt\/wp-content\/uploads\/2024\/04\/Toscano-Joao-Paulo-1024x683.jpg 1024w, https:\/\/aja.pt\/wp-content\/uploads\/2024\/04\/Toscano-Joao-Paulo-300x200.jpg 300w, https:\/\/aja.pt\/wp-content\/uploads\/2024\/04\/Toscano-Joao-Paulo-768x512.jpg 768w, https:\/\/aja.pt\/wp-content\/uploads\/2024\/04\/Toscano-Joao-Paulo-1140x760.jpg 1140w, https:\/\/aja.pt\/wp-content\/uploads\/2024\/04\/Toscano-Joao-Paulo.jpg 1200w\" sizes=\"(max-width: 1024px) 100vw, 1024px\" \/><\/figure>\n\n\n\n<p>O m\u00eas de Maio traz o concerto de dois m\u00fasicos excepcionais, nomes maiores do panorama jazz nacional: o saxofonista Ricardo Toscano e o pianista Jo\u00e3o Paulo Esteves da Silva.<\/p>\n\n\n\n<p>O duo apresenta-se no Audit\u00f3rio Cam\u00f5es naquele que ser\u00e1 o \u00faltimo concerto do \ud835\uddd6\ud835\uddf6\ud835\uddf0\ud835\uddf9\ud835\uddfc &#8220;\ud835\udde9\ud835\uddf2\ud835\uddfb\ud835\uddf5\ud835\uddee\ud835\uddfa \ud835\udde0\ud835\uddee\ud835\uddf6\ud835\ude00 \ud835\udff2&#8221;, uma s\u00e9rie de espet\u00e1culos protagonizados por artistas solid\u00e1rios com a miss\u00e3o da Associa\u00e7\u00e3o Jos\u00e9 Afonso.<\/p>\n\n\n\n<p><img loading=\"lazy\" height=\"16\" width=\"16\" alt=\"\ud83c\udf9f\ufe0f\" src=\"https:\/\/static.xx.fbcdn.net\/images\/emoji.php\/v9\/t31\/1.5\/16\/1f39f.png\">Bilhete: 8,00\u20ac (oito euros)<br>Reserva de bilhetes e informa\u00e7\u00f5es: ajaconcertos@gmail.com | 963 460 757<\/p>\n\n\n\n<p>Parceria:&nbsp;<a rel=\"noreferrer noopener\" href=\"https:\/\/liceucamoes.wixsite.com\/camoes\" target=\"_blank\">Escola Secund\u00e1ria de Cam\u00f5es<\/a><br>Apoio \u00e0 divulga\u00e7\u00e3o:&nbsp;<a rel=\"noreferrer noopener\" href=\"https:\/\/imagemove.pt\/\" target=\"_blank\">ImageMove<\/a><\/p>\n\n\n\n<p>Vem e traz outro amigo tamb\u00e9m.<\/p>\n","protected":false},"excerpt":{"rendered":"<p>O m\u00eas de Maio traz o concerto de dois m\u00fasicos excepcionais, nomes maiores do panorama jazz nacional: o saxofonista Ricardo Toscano e o pianista Jo\u00e3o Paulo Esteves da Silva. O duo apresenta-se no Audit\u00f3rio Cam\u00f5es naquele que ser\u00e1 o \u00faltimo concerto do \ud835\uddd6\ud835\uddf6\ud835\uddf0\ud835\uddf9\ud835\uddfc &#8220;\ud835\udde9\ud835\uddf2\ud835\uddfb\ud835\uddf5\ud835\uddee\ud835\uddfa \ud835\udde0\ud835\uddee\ud835\uddf6\ud835\ude00 \ud835\udff2&#8221;, uma s\u00e9rie de espet\u00e1culos protagonizados por artistas solid\u00e1rios com [&hellip;]<\/p>\n","protected":false},"author":3,"featured_media":44032,"comment_status":"open","ping_status":"open","sticky":false,"template":"","format":"standard","meta":[],"categories":[59],"tags":[],"_links":{"self":[{"href":"https:\/\/aja.pt\/en\/wp-json\/wp\/v2\/posts\/44031"}],"collection":[{"href":"https:\/\/aja.pt\/en\/wp-json\/wp\/v2\/posts"}],"about":[{"href":"https:\/\/aja.pt\/en\/wp-json\/wp\/v2\/types\/post"}],"author":[{"embeddable":true,"href":"https:\/\/aja.pt\/en\/wp-json\/wp\/v2\/users\/3"}],"replies":[{"embeddable":true,"href":"https:\/\/aja.pt\/en\/wp-json\/wp\/v2\/comments?post=44031"}],"version-history":[{"count":2,"href":"https:\/\/aja.pt\/en\/wp-json\/wp\/v2\/posts\/44031\/revisions"}],"predecessor-version":[{"id":44062,"href":"https:\/\/aja.pt\/en\/wp-json\/wp\/v2\/posts\/44031\/revisions\/44062"}],"wp:featuredmedia":[{"embeddable":true,"href":"https:\/\/aja.pt\/en\/wp-json\/wp\/v2\/media\/44032"}],"wp:attachment":[{"href":"https:\/\/aja.pt\/en\/wp-json\/wp\/v2\/media?parent=44031"}],"wp:term":[{"taxonomy":"category","embeddable":true,"href":"https:\/\/aja.pt\/en\/wp-json\/wp\/v2\/categories?post=44031"},{"taxonomy":"post_tag","embeddable":true,"href":"https:\/\/aja.pt\/en\/wp-json\/wp\/v2\/tags?post=44031"}],"curies":[{"name":"wp","href":"https:\/\/api.w.org\/{rel}","templated":true}]}}