{"id":43981,"date":"2024-04-05T11:42:19","date_gmt":"2024-04-05T11:42:19","guid":{"rendered":"https:\/\/aja.pt\/?p=43981"},"modified":"2024-10-18T21:29:37","modified_gmt":"2024-10-18T21:29:37","slug":"congresso-internacional-jose-afonso","status":"publish","type":"post","link":"https:\/\/aja.pt\/en\/congresso-internacional-jose-afonso\/","title":{"rendered":"Congresso Internacional"},"content":{"rendered":"\n<figure class=\"wp-block-image size-large\"><img loading=\"lazy\" width=\"1024\" height=\"683\" src=\"https:\/\/aja.pt\/wp-content\/uploads\/2024\/09\/Convite-Congresso-Jose-Afonso-Final-1024x683.jpg\" alt=\"\" class=\"wp-image-45574\" srcset=\"https:\/\/aja.pt\/wp-content\/uploads\/2024\/09\/Convite-Congresso-Jose-Afonso-Final-1024x683.jpg 1024w, https:\/\/aja.pt\/wp-content\/uploads\/2024\/09\/Convite-Congresso-Jose-Afonso-Final-300x200.jpg 300w, https:\/\/aja.pt\/wp-content\/uploads\/2024\/09\/Convite-Congresso-Jose-Afonso-Final-768x512.jpg 768w, https:\/\/aja.pt\/wp-content\/uploads\/2024\/09\/Convite-Congresso-Jose-Afonso-Final-1140x760.jpg 1140w, https:\/\/aja.pt\/wp-content\/uploads\/2024\/09\/Convite-Congresso-Jose-Afonso-Final.jpg 1200w\" sizes=\"(max-width: 1024px) 100vw, 1024px\" \/><\/figure>\n\n\n\n<p><strong>CONGRESSO INTERNACIONAL JOS\u00c9 AFONSO<\/strong><br>26 e 27 de Outubro de 2024 | Set\u00fabal<\/p>\n\n\n\n<p><strong>Chamada para comunica\u00e7\u00f5es at\u00e9 15 de Junho<\/strong> <\/p>\n\n\n\n<p>Jos\u00e9 Afonso \u00e9 uma das maiores refer\u00eancias da nossa cultura contempor\u00e2nea, cuja obra importa conhecer e divulgar. A profunda liga\u00e7\u00e3o de Jos\u00e9 Afonso \u00e0 cidade de Set\u00fabal e desta \u00e0quele imp\u00f5em o destaque que lhe \u00e9 dado nestas comemora\u00e7\u00f5es dos 50 anos do 25 de Abril. Neste sentido, realizar-se-\u00e1 um congresso dedicado \u00e0 discuss\u00e3o e divulga\u00e7\u00e3o das v\u00e1rias actividades de Jos\u00e9 Afonso (1929-1987), que re\u00fana tanto especialistas dedicados ao estudo das v\u00e1rias facetas da sua obra como colaboradores e amigos do cantor, em sess\u00f5es testemunhais. Para al\u00e9m da discuss\u00e3o em torno da sua pr\u00e1tica musical, pretende-se que este evento aborde um extenso conjunto de temas, contemplando a sua interven\u00e7\u00e3o c\u00edvica antes, durante e depois do per\u00edodo revolucion\u00e1rio de 1974-75, em defesa da liberdade e da democracia.<\/p>\n\n\n\n<p>De forma a atrair diferentes p\u00fablicos interessados no legado de Jos\u00e9 Afonso, assim como amigos e participantes activos nas v\u00e1rias facetas do seu percurso, este congresso prev\u00ea sess\u00f5es testemunhais, organizadas tematicamente; confer\u00eancias e apresenta\u00e7\u00e3o de comunica\u00e7\u00f5es, por convite e por propostas avaliadas por uma comiss\u00e3o cient\u00edfica.<\/p>\n\n\n\n<p>Desta forma, pretende-se que este evento constitua uma oportunidade, at\u00e9 hoje in\u00e9dita, de amplo cruzamento de v\u00e1rios saberes sobre o percurso de Jos\u00e9 Afonso, procurando intersectar a investiga\u00e7\u00e3o acad\u00e9mica com outros campos dedicados \u00e0 preserva\u00e7\u00e3o e divulga\u00e7\u00e3o da mem\u00f3ria do cantor. O Congresso incluir\u00e1 ainda outras actividades, como exposi\u00e7\u00f5es ou sess\u00f5es musicais. Pretende-se tamb\u00e9m que a realiza\u00e7\u00e3o deste congresso estimule a localiza\u00e7\u00e3o e recolha de documenta\u00e7\u00e3o e material fonogr\u00e1fico relacionado com Jos\u00e9 Afonso para posterior preserva\u00e7\u00e3o.<\/p>\n\n\n\n<p>As propostas de comunica\u00e7\u00e3o dever\u00e3o ser enviadas em ficheiro word para o endere\u00e7o de email <strong>congressojoseafonso@gmail.com<\/strong>, at\u00e9 15 de Junho de 2024, com os seguintes elementos:<\/p>\n\n\n\n<p>\u2013 T\u00edtulo da comunica\u00e7\u00e3o<\/p>\n\n\n\n<p>\u2013 Resumo at\u00e9 3000 caracteres (incluindo espa\u00e7os)<\/p>\n\n\n\n<p>\u2013 Biografia abreviada at\u00e9 1500 caracteres (incluindo espa\u00e7os)<\/p>\n\n\n\n<p>A comunica\u00e7\u00e3o da aceita\u00e7\u00e3o de propostas ser\u00e1 feita individualmente por email at\u00e9 ao final de Julho. Para mais informa\u00e7\u00f5es, contactar <strong>congressojoseafonso@gmail.com<\/strong><\/p>\n\n\n\n<p><br><strong><strong>OBJECTIVOS<\/strong><\/strong><\/p>\n\n\n\n<p>Proporcionar espa\u00e7os de reflex\u00e3o sobre a vida e obra de Jos\u00e9 Afonso;<\/p>\n\n\n\n<p>Mobilizar a comunidade cient\u00edfica nacional e&nbsp;internacional no sentido de aprofundar a investiga\u00e7\u00e3o acerca de Jos\u00e9 Afonso;<\/p>\n\n\n\n<p>Dinamizar a produ\u00e7\u00e3o de recursos cient\u00edficos e pedag\u00f3gicos suscept\u00edveis de utiliza\u00e7\u00e3o em contexto educativo;<\/p>\n\n\n\n<p>Contribuir para a divulga\u00e7\u00e3o de trabalhos cient\u00edficos e pedag\u00f3gicos j\u00e1 realizados neste \u00e2mbito;&nbsp;<\/p>\n\n\n\n<p><br><strong>TEM\u00c1TICAS A ABORDAR<\/strong><br><br>As primeiras baladas e a viragem para a d\u00e9cada de 1960<\/p>\n\n\n\n<p>O impacto dos anos de Mo\u00e7ambique em Jos\u00e9 Afonso<\/p>\n\n\n\n<p>Actividade na editora Orfeu e as transforma\u00e7\u00f5es nos processos de produ\u00e7\u00e3o fonogr\u00e1fica entre as d\u00e9cadas de 1960 e 1980<\/p>\n\n\n\n<p>Os aparelhos repressivos e a actividade de Jos\u00e9 Afonso (censura, vigil\u00e2ncia policial, pris\u00f5es, e.o.)<\/p>\n\n\n\n<p>Interven\u00e7\u00e3o art\u00edstica e pol\u00edtica de Jos\u00e9 Afonso antes e depois do 25 de AbriL<\/p>\n\n\n\n<p>Cooperativismo art\u00edstico e novas formas de edi\u00e7\u00e3o discogr\u00e1fica p\u00f3s-25 de Abril<\/p>\n\n\n\n<p>Articula\u00e7\u00e3o entre a obra de Jos\u00e9 Afonso e outros universos geogr\u00e1ficos<\/p>\n\n\n\n<p>Presen\u00e7a e repercuss\u00e3o internacional de Jos\u00e9 Afonso<\/p>\n\n\n\n<p>\u00daltimos anos de actividade (d\u00e9cada de 1980) e respectivo panorama social e pol\u00edtico<\/p>\n\n\n\n<p>Dimens\u00e3o po\u00e9tica e liter\u00e1ria da obra de Jos\u00e9 Afonso<\/p>\n\n\n\n<p>Influ\u00eancias culturais e filos\u00f3ficas em Jos\u00e9 Afonso<\/p>\n\n\n\n<p>Liga\u00e7\u00e3o a outras actividades art\u00edsticas (teatro, cinema, e.o.)<\/p>\n\n\n\n<p>Jos\u00e9 Afonso e o ensino<\/p>\n\n\n\n<p>A mulher na obra de Jos\u00e9 Afonso<\/p>\n\n\n\n<p><br><strong>COMISS\u00c3O ORGANIZADORA<\/strong><\/p>\n\n\n\n<p>Alb\u00e9rico Afonso (IHC)<br>Hugo Castro (INET-md \/ AJA)<br>Jo\u00e3o Madeira (IHC \/ AJA)<br>Nuno Lopes (C\u00e2mara Municipal de Set\u00fabal)<br>Ricardo Andrade (INET-md \/ AJA)<\/p>\n\n\n\n<p><strong>COMISS\u00c3O CIENT\u00cdFICA<\/strong><\/p>\n\n\n\n<p>Jo\u00e3o Madeira (IHC)<br>Hugo Castro (INET-md \/ NOVA FCSH)<br>Alb\u00e9rico Afonso (IHC)<br>Ricardo Andrade (INET-md \/ NOVA FCSH)<br>Manuel Deniz Silva (INET-md \/ NOVA FCSH)<br>Lu\u00eds Trindade (IHC \/ NOVA FCSH)<br>Fernanda Rollo (HTC \/ NOVA FCSH)<br>Salwa Castelo-Branco (INET-md)<br>Rui Vieira Nery (INET-md \/ NOVA FCSH)<br>M\u00e1rio Vieira de Carvalho (CESEM)<br>Dulce Sim\u00f5es (INET-md)<br>Domingos Morais (IELT)<\/p>\n\n\n\n<p><strong>INSTITUI\u00c7\u00d5ES PARCEIRAS<\/strong><\/p>\n\n\n\n<p>Associa\u00e7\u00e3o Jos\u00e9 Afonso<br>C\u00e2mara Municipal de Set\u00fabal<br>INET-md \/ Instituto de Etnomusicologia &#8211; Centro de Estudos em M\u00fasica e Dan\u00e7a<br>Instituto de Hist\u00f3ria Contempor\u00e2nea<br>Centro de Estudos e Documenta\u00e7\u00e3o Jos\u00e9 M\u00e1rio Branco &#8211; M\u00fasica e Liberdade<br>Hist\u00f3ria, Territ\u00f3rios e Comunidades (p\u00f3lo de Lisboa do Centro de Ecologia Funcional &#8211; Ci\u00eancia para as Pessoas e o Planeta)<br>Observat\u00f3rio da Can\u00e7\u00e3o de Protesto<\/p>\n","protected":false},"excerpt":{"rendered":"<p>CONGRESSO INTERNACIONAL JOS\u00c9 AFONSO26 e 27 de Outubro de 2024 | Set\u00fabal Chamada para comunica\u00e7\u00f5es at\u00e9 15 de Junho Jos\u00e9 Afonso \u00e9 uma das maiores refer\u00eancias da nossa cultura contempor\u00e2nea, cuja obra importa conhecer e divulgar. A profunda liga\u00e7\u00e3o de Jos\u00e9 Afonso \u00e0 cidade de Set\u00fabal e desta \u00e0quele imp\u00f5em o destaque que lhe \u00e9 [&hellip;]<\/p>\n","protected":false},"author":3,"featured_media":45574,"comment_status":"open","ping_status":"open","sticky":false,"template":"","format":"standard","meta":[],"categories":[59,435],"tags":[],"_links":{"self":[{"href":"https:\/\/aja.pt\/en\/wp-json\/wp\/v2\/posts\/43981"}],"collection":[{"href":"https:\/\/aja.pt\/en\/wp-json\/wp\/v2\/posts"}],"about":[{"href":"https:\/\/aja.pt\/en\/wp-json\/wp\/v2\/types\/post"}],"author":[{"embeddable":true,"href":"https:\/\/aja.pt\/en\/wp-json\/wp\/v2\/users\/3"}],"replies":[{"embeddable":true,"href":"https:\/\/aja.pt\/en\/wp-json\/wp\/v2\/comments?post=43981"}],"version-history":[{"count":8,"href":"https:\/\/aja.pt\/en\/wp-json\/wp\/v2\/posts\/43981\/revisions"}],"predecessor-version":[{"id":45579,"href":"https:\/\/aja.pt\/en\/wp-json\/wp\/v2\/posts\/43981\/revisions\/45579"}],"wp:featuredmedia":[{"embeddable":true,"href":"https:\/\/aja.pt\/en\/wp-json\/wp\/v2\/media\/45574"}],"wp:attachment":[{"href":"https:\/\/aja.pt\/en\/wp-json\/wp\/v2\/media?parent=43981"}],"wp:term":[{"taxonomy":"category","embeddable":true,"href":"https:\/\/aja.pt\/en\/wp-json\/wp\/v2\/categories?post=43981"},{"taxonomy":"post_tag","embeddable":true,"href":"https:\/\/aja.pt\/en\/wp-json\/wp\/v2\/tags?post=43981"}],"curies":[{"name":"wp","href":"https:\/\/api.w.org\/{rel}","templated":true}]}}