{"id":43762,"date":"2024-02-08T01:04:13","date_gmt":"2024-02-08T01:04:13","guid":{"rendered":"https:\/\/aja.pt\/?p=43762"},"modified":"2024-04-22T12:29:59","modified_gmt":"2024-04-22T12:29:59","slug":"jose-afonso-e-as-geracoes-de-abril","status":"publish","type":"post","link":"https:\/\/aja.pt\/en\/jose-afonso-e-as-geracoes-de-abril\/","title":{"rendered":"Jos\u00e9 Afonso e as gera\u00e7\u00f5es de Abril"},"content":{"rendered":"\t\t<div data-elementor-type=\"wp-post\" data-elementor-id=\"43762\" class=\"elementor elementor-43762\" data-elementor-settings=\"[]\">\n\t\t\t\t\t\t\t<div class=\"elementor-section-wrap\">\n\t\t\t\t\t\t\t<section class=\"elementor-section elementor-top-section elementor-element elementor-element-20bc00ee elementor-section-boxed elementor-section-height-default elementor-section-height-default\" data-id=\"20bc00ee\" data-element_type=\"section\">\n\t\t\t\t\t\t<div class=\"elementor-container elementor-column-gap-default\">\n\t\t\t\t\t<div class=\"elementor-column elementor-col-100 elementor-top-column elementor-element elementor-element-24cbffff\" data-id=\"24cbffff\" data-element_type=\"column\">\n\t\t\t<div class=\"elementor-widget-wrap elementor-element-populated\">\n\t\t\t\t\t\t\t\t<div class=\"elementor-element elementor-element-63dbb72 elementor-widget elementor-widget-text-editor\" data-id=\"63dbb72\" data-element_type=\"widget\" data-widget_type=\"text-editor.default\">\n\t\t\t\t<div class=\"elementor-widget-container\">\n\t\t\t<style>\/*! elementor - v3.5.6 - 28-02-2022 *\/\n.elementor-widget-text-editor.elementor-drop-cap-view-stacked .elementor-drop-cap{background-color:#818a91;color:#fff}.elementor-widget-text-editor.elementor-drop-cap-view-framed .elementor-drop-cap{color:#818a91;border:3px solid;background-color:transparent}.elementor-widget-text-editor:not(.elementor-drop-cap-view-default) .elementor-drop-cap{margin-top:8px}.elementor-widget-text-editor:not(.elementor-drop-cap-view-default) .elementor-drop-cap-letter{width:1em;height:1em}.elementor-widget-text-editor .elementor-drop-cap{float:left;text-align:center;line-height:1;font-size:50px}.elementor-widget-text-editor .elementor-drop-cap-letter{display:inline-block}<\/style>\t\t\t\t<p>Com a participa\u00e7\u00e3o de Vitorino, Gis\u00e9lia, Ant\u00f3nio Salom\u00e9, Manuel Freire, Ricardo Dias, M\u00e1rio Delgado, Francisco Fanhais, Jo\u00e3o Afonso, Banda Filarm\u00f3nica Fraternidade Oper\u00e1ria Grandolense e Jos\u00e9 Fanha.<\/p><p>Os bilhetes, entre 7,00 e 25,00\u20ac, est\u00e3o <a href=\"https:\/\/coliseulisboa.bol.pt\/Comprar\/Bilhetes\/136257-29_marco_1974_jose_afonso_e_as_geracoes_de_abril-coliseu_dos_recreios\/Sessoes\" target=\"_blank\" rel=\"noopener\">dispon\u00edveis na BOL &#8211; Bilheteira Online<\/a><span segoe=\"\" ui=\"\" historic=\"\" helvetica=\"\" arial=\"\" sans-serif=\"\" font-size:=\"\" 15px=\"\" white-space-collapse:=\"\" preserve=\"\">, assim como nestes locais de venda: Coliseu, FNAC, El Corte Ingl\u00e9s, Worten, CTT, Ag\u00eancia ABEP.<\/span><\/p>\t\t\t\t\t\t<\/div>\n\t\t\t\t<\/div>\n\t\t\t\t<div class=\"elementor-element elementor-element-90c31de elementor-widget elementor-widget-image\" data-id=\"90c31de\" data-element_type=\"widget\" data-widget_type=\"image.default\">\n\t\t\t\t<div class=\"elementor-widget-container\">\n\t\t\t<style>\/*! elementor - v3.5.6 - 28-02-2022 *\/\n.elementor-widget-image{text-align:center}.elementor-widget-image a{display:inline-block}.elementor-widget-image a img[src$=\".svg\"]{width:48px}.elementor-widget-image img{vertical-align:middle;display:inline-block}<\/style>\t\t\t\t\t\t\t\t\t\t\t\t<img width=\"730\" height=\"1024\" src=\"https:\/\/aja.pt\/wp-content\/uploads\/2024\/03\/Cartaz-site-730x1024.jpg\" class=\"attachment-large size-large\" alt=\"\" loading=\"lazy\" srcset=\"https:\/\/aja.pt\/wp-content\/uploads\/2024\/03\/Cartaz-site-730x1024.jpg 730w, https:\/\/aja.pt\/wp-content\/uploads\/2024\/03\/Cartaz-site-214x300.jpg 214w, https:\/\/aja.pt\/wp-content\/uploads\/2024\/03\/Cartaz-site-768x1078.jpg 768w, https:\/\/aja.pt\/wp-content\/uploads\/2024\/03\/Cartaz-site.jpg 1000w\" sizes=\"(max-width: 730px) 100vw, 730px\" \/>\t\t\t\t\t\t\t\t\t\t\t\t\t\t\t<\/div>\n\t\t\t\t<\/div>\n\t\t\t\t<div class=\"elementor-element elementor-element-39369d5e elementor-widget elementor-widget-text-editor\" data-id=\"39369d5e\" data-element_type=\"widget\" data-widget_type=\"text-editor.default\">\n\t\t\t\t<div class=\"elementor-widget-container\">\n\t\t\t\t\t\t\t<p>\u00a0<\/p><p>Ecoando um encontro memor\u00e1vel, que foi a de entrega dos pr\u00e9mios da Casa da Imprensa, a 29 de Mar\u00e7o de 1974, em que Zeca Afonso cantou a sua \u201cGr\u00e2ndola, vila morena\u201d, com o Coliseu totalmente lotado, e com a presen\u00e7a de muitos militares que poucos dias depois fariam o golpe no dia 25 de Abril, este concerto, que acontecer\u00e1 no dia 29 de Mar\u00e7o de 2024, no Coliseu dos Recreios de Lisboa, ser\u00e1 tamb\u00e9m uma forma de divulga\u00e7\u00e3o e rememora\u00e7\u00e3o de uma obra \u00fanica e est\u00edmulo para a recria\u00e7\u00e3o da mesma, dando novas roupagens \u00e0s suas m\u00fasicas ou apenas reproduzindo-as com outras vozes e sensibilidades.<br \/>Ser\u00e3o tr\u00eas quadros ou momentos, cada um composto por tr\u00eas cantores pertencentes a uma gera\u00e7\u00e3o mais antiga que ainda tocou com Jos\u00e9 Afonso e que preserva a mem\u00f3ria da sua grandeza humana e art\u00edstica: Vitorino Salom\u00e9, Manuel Freire e Francisco Fanhais, que convidam, cada um deles, mais dois artistas das gera\u00e7\u00f5es seguintes que se deixaram contagiar pela sonoridade \u00fanica, pela qualidade e desafio musical e c\u00edvico de Jos\u00e9 Afonso, como Gis\u00e9lia, Ant\u00f3nio Salom\u00e9, Ricardo Silva, M\u00e1rio Delgado, Jo\u00e3o Afonso, a Banda Filarm\u00f3nica da Sociedade Fraternidade Oper\u00e1ria Grandolense, assim como Jos\u00e9 Fanha, que apresentar\u00e1 este concerto e partilhar\u00e1 a sua poesia connosco.<br \/>Venham da\u00ed celebrar Abril.<\/p><p>Apoios:<br \/><a href=\"https:\/\/www.culturaportugal.gov.pt\/\">Minist\u00e9rio da Cultura<\/a>, <a href=\"https:\/\/50anos25abril.pt\/\">Comiss\u00e3o Comemorativa 50 Anos 25 de Abril<\/a>,<br \/><a href=\"https:\/\/a25abril.pt\/\">Associa\u00e7\u00e3o 25 de Abril,<\/a> <a href=\"https:\/\/www.foriente.pt\/\">Funda\u00e7\u00e3o Oriente<\/a>, <a href=\"https:\/\/www.cgtp.pt\/\">CGTP,<\/a> <a href=\"https:\/\/www.cm-grandola.pt\/\">Munic\u00edpio<br \/>de Gr\u00e2ndola<\/a>, <a href=\"https:\/\/www.rtp.pt\/\">RTP,<\/a> <a href=\"https:\/\/antena1.rtp.pt\/\">Antena 1,<\/a> <a href=\"https:\/\/imagemove.pt\/\">Imagemove<\/a><\/p>\t\t\t\t\t\t<\/div>\n\t\t\t\t<\/div>\n\t\t\t\t\t<\/div>\n\t\t<\/div>\n\t\t\t\t\t\t\t<\/div>\n\t\t<\/section>\n\t\t\t\t\t\t<\/div>\n\t\t\t\t\t<\/div>\n\t\t","protected":false},"excerpt":{"rendered":"<p>Com a participa\u00e7\u00e3o de Vitorino, Gis\u00e9lia, Ant\u00f3nio Salom\u00e9, Manuel Freire, Ricardo Dias, M\u00e1rio Delgado, Francisco Fanhais, Jo\u00e3o Afonso, Banda Filarm\u00f3nica Fraternidade Oper\u00e1ria Grandolense e Jos\u00e9 Fanha. Os bilhetes, entre 7,00 e 25,00\u20ac, est\u00e3o dispon\u00edveis na BOL &#8211; Bilheteira Online, assim como nestes locais de venda: Coliseu, FNAC, El Corte Ingl\u00e9s, Worten, CTT, Ag\u00eancia ABEP. \u00a0 [&hellip;]<\/p>\n","protected":false},"author":3,"featured_media":43763,"comment_status":"open","ping_status":"open","sticky":false,"template":"","format":"standard","meta":[],"categories":[59],"tags":[],"_links":{"self":[{"href":"https:\/\/aja.pt\/en\/wp-json\/wp\/v2\/posts\/43762"}],"collection":[{"href":"https:\/\/aja.pt\/en\/wp-json\/wp\/v2\/posts"}],"about":[{"href":"https:\/\/aja.pt\/en\/wp-json\/wp\/v2\/types\/post"}],"author":[{"embeddable":true,"href":"https:\/\/aja.pt\/en\/wp-json\/wp\/v2\/users\/3"}],"replies":[{"embeddable":true,"href":"https:\/\/aja.pt\/en\/wp-json\/wp\/v2\/comments?post=43762"}],"version-history":[{"count":22,"href":"https:\/\/aja.pt\/en\/wp-json\/wp\/v2\/posts\/43762\/revisions"}],"predecessor-version":[{"id":44137,"href":"https:\/\/aja.pt\/en\/wp-json\/wp\/v2\/posts\/43762\/revisions\/44137"}],"wp:featuredmedia":[{"embeddable":true,"href":"https:\/\/aja.pt\/en\/wp-json\/wp\/v2\/media\/43763"}],"wp:attachment":[{"href":"https:\/\/aja.pt\/en\/wp-json\/wp\/v2\/media?parent=43762"}],"wp:term":[{"taxonomy":"category","embeddable":true,"href":"https:\/\/aja.pt\/en\/wp-json\/wp\/v2\/categories?post=43762"},{"taxonomy":"post_tag","embeddable":true,"href":"https:\/\/aja.pt\/en\/wp-json\/wp\/v2\/tags?post=43762"}],"curies":[{"name":"wp","href":"https:\/\/api.w.org\/{rel}","templated":true}]}}