{"id":43468,"date":"2024-01-14T17:02:25","date_gmt":"2024-01-14T17:02:25","guid":{"rendered":"https:\/\/aja.pt\/?p=43468"},"modified":"2024-01-14T17:02:28","modified_gmt":"2024-01-14T17:02:28","slug":"apresentacao-em-coimbra-3","status":"publish","type":"post","link":"https:\/\/aja.pt\/en\/apresentacao-em-coimbra-3\/","title":{"rendered":"Apresenta\u00e7\u00e3o em Coimbra"},"content":{"rendered":"\n<p>O <a href=\"https:\/\/www.facebook.com\/ajacoimbra?__cft__[0]=AZX9ozjgEQc76-x7PZ5cWwy25IDli6707dYC3dKJJiLAlgAFdpeARjYNrKH0nU43QRACh8CfgE91Tx8ivYlwB3zE80WMuMHhqIPOH6zWx-Ul1CaoCYOHt9XxDoAnuH_bTkCnuRdY8Gue3Rb7eY7aLXy3wwKMgEqNNW9KpN44j7YRPN1zFooAW-tsvQYeH7_C3Po&amp;__tn__=-]K-R\">N\u00facleo AJA Coimbra &#8211; Associa\u00e7\u00e3o Jos\u00e9 Afonso<\/a> tem o prazer de vos convidar para a apresenta\u00e7\u00e3o do livro \u201cSanta-B\u00e1rbara, capista do Zeca\u201d, de Abel Rosa. <\/p>\n\n\n\n<p>Ser\u00e1 no dia 10 de Fevereiro, \u00e0s 16h30na Livraria do <a href=\"https:\/\/www.facebook.com\/conventosaofrancisco.coimbra?__cft__[0]=AZX9ozjgEQc76-x7PZ5cWwy25IDli6707dYC3dKJJiLAlgAFdpeARjYNrKH0nU43QRACh8CfgE91Tx8ivYlwB3zE80WMuMHhqIPOH6zWx-Ul1CaoCYOHt9XxDoAnuH_bTkCnuRdY8Gue3Rb7eY7aLXy3wwKMgEqNNW9KpN44j7YRPN1zFooAW-tsvQYeH7_C3Po&amp;__tn__=-]K-R\">Convento S\u00e3o Francisco<\/a>.<\/p>\n\n\n\n<p>Esperamos contar com a vossa participa\u00e7\u00e3o.<\/p>\n\n\n\n<figure class=\"wp-block-image size-large\"><img loading=\"lazy\" width=\"1024\" height=\"683\" src=\"https:\/\/aja.pt\/wp-content\/uploads\/2024\/01\/Capista-Coimbra-1024x683.jpg\" alt=\"\" class=\"wp-image-43469\" srcset=\"https:\/\/aja.pt\/wp-content\/uploads\/2024\/01\/Capista-Coimbra-1024x683.jpg 1024w, https:\/\/aja.pt\/wp-content\/uploads\/2024\/01\/Capista-Coimbra-300x200.jpg 300w, https:\/\/aja.pt\/wp-content\/uploads\/2024\/01\/Capista-Coimbra-768x512.jpg 768w, https:\/\/aja.pt\/wp-content\/uploads\/2024\/01\/Capista-Coimbra-1140x760.jpg 1140w, https:\/\/aja.pt\/wp-content\/uploads\/2024\/01\/Capista-Coimbra.jpg 1200w\" sizes=\"(max-width: 1024px) 100vw, 1024px\" \/><\/figure>\n","protected":false},"excerpt":{"rendered":"<p>O N\u00facleo AJA Coimbra &#8211; Associa\u00e7\u00e3o Jos\u00e9 Afonso tem o prazer de vos convidar para a apresenta\u00e7\u00e3o do livro \u201cSanta-B\u00e1rbara, capista do Zeca\u201d, de Abel Rosa. Ser\u00e1 no dia 10 de Fevereiro, \u00e0s 16h30na Livraria do Convento S\u00e3o Francisco. Esperamos contar com a vossa participa\u00e7\u00e3o.<\/p>\n","protected":false},"author":3,"featured_media":43469,"comment_status":"open","ping_status":"open","sticky":false,"template":"","format":"standard","meta":[],"categories":[328,58],"tags":[],"_links":{"self":[{"href":"https:\/\/aja.pt\/en\/wp-json\/wp\/v2\/posts\/43468"}],"collection":[{"href":"https:\/\/aja.pt\/en\/wp-json\/wp\/v2\/posts"}],"about":[{"href":"https:\/\/aja.pt\/en\/wp-json\/wp\/v2\/types\/post"}],"author":[{"embeddable":true,"href":"https:\/\/aja.pt\/en\/wp-json\/wp\/v2\/users\/3"}],"replies":[{"embeddable":true,"href":"https:\/\/aja.pt\/en\/wp-json\/wp\/v2\/comments?post=43468"}],"version-history":[{"count":1,"href":"https:\/\/aja.pt\/en\/wp-json\/wp\/v2\/posts\/43468\/revisions"}],"predecessor-version":[{"id":43471,"href":"https:\/\/aja.pt\/en\/wp-json\/wp\/v2\/posts\/43468\/revisions\/43471"}],"wp:featuredmedia":[{"embeddable":true,"href":"https:\/\/aja.pt\/en\/wp-json\/wp\/v2\/media\/43469"}],"wp:attachment":[{"href":"https:\/\/aja.pt\/en\/wp-json\/wp\/v2\/media?parent=43468"}],"wp:term":[{"taxonomy":"category","embeddable":true,"href":"https:\/\/aja.pt\/en\/wp-json\/wp\/v2\/categories?post=43468"},{"taxonomy":"post_tag","embeddable":true,"href":"https:\/\/aja.pt\/en\/wp-json\/wp\/v2\/tags?post=43468"}],"curies":[{"name":"wp","href":"https:\/\/api.w.org\/{rel}","templated":true}]}}