{"id":43466,"date":"2024-01-14T15:14:57","date_gmt":"2024-01-14T15:14:57","guid":{"rendered":"https:\/\/aja.pt\/?p=43466"},"modified":"2024-01-14T15:15:01","modified_gmt":"2024-01-14T15:15:01","slug":"ciclo-venham-mais-6-2","status":"publish","type":"post","link":"https:\/\/aja.pt\/en\/ciclo-venham-mais-6-2\/","title":{"rendered":"Ciclo &#8220;Venham mais 6&#8221;"},"content":{"rendered":"\n<figure class=\"wp-block-image size-large\"><img loading=\"lazy\" width=\"1024\" height=\"683\" src=\"https:\/\/aja.pt\/wp-content\/uploads\/2023\/11\/Venham-mais-6-1024x683.jpg\" alt=\"\" class=\"wp-image-43258\" srcset=\"https:\/\/aja.pt\/wp-content\/uploads\/2023\/11\/Venham-mais-6-1024x683.jpg 1024w, https:\/\/aja.pt\/wp-content\/uploads\/2023\/11\/Venham-mais-6-300x200.jpg 300w, https:\/\/aja.pt\/wp-content\/uploads\/2023\/11\/Venham-mais-6-768x512.jpg 768w, https:\/\/aja.pt\/wp-content\/uploads\/2023\/11\/Venham-mais-6-1140x760.jpg 1140w, https:\/\/aja.pt\/wp-content\/uploads\/2023\/11\/Venham-mais-6.jpg 1200w\" sizes=\"(max-width: 1024px) 100vw, 1024px\" \/><\/figure>\n\n\n\n<p>\u201cVenham mais 6\u201d \u00e9 uma s\u00e9rie de espet\u00e1culos protagonizados por artistas de v\u00e1rias \u00e1reas, solid\u00e1rios com a causa e miss\u00e3o da Associa\u00e7\u00e3o.<\/p>\n\n\n\n<p>Estes encontros, inspirados pelo que foi o \u00faltimo \u00e1lbum de Jos\u00e9 Afonso antes da Revolu\u00e7\u00e3o de 25 de Abril, acontecem nas primeiras quintas-feiras de cada m\u00eas, no Audit\u00f3rio Cam\u00f5es &#8211; em Lisboa<\/p>\n\n\n\n<p>Constituir\u00e3o espa\u00e7os de diversidade art\u00edstica e de promo\u00e7\u00e3o dos ideais de fraternidade, companheirismo e liberdade que t\u00eam norteado a atividade da Associa\u00e7\u00e3o desde a sua funda\u00e7\u00e3o em 1987.<\/p>\n\n\n\n<p>Programa\u00e7\u00e3o Completa:<\/p>\n\n\n\n<p>\u2022 7 Dezembro | Concerto JP Sim\u00f5es [j\u00e1 realizado]<br>\u2022 4 Janeiro | Concerto Batukadeiras Bandeirinhas da Boba [j\u00e1 realizado]<br>\u2022 1 Fevereiro | Stand Up Comedy \u201cProcesso de Humaniza\u00e7\u00e3o em Curso\u201d, por Diogo Faro<br>\u2022 7 Mar\u00e7o | Concerto Pedro Branco (Old Mountain, You Can\u2019t Win Charlie Brown) &#8211; apresenta\u00e7\u00e3o do seu disco a solo \u201cA Narrativa \u00c9pica do Quotidiano\u201d<br>\u2022 4 Abril | Concerto La Fam\u00edlia Gitana;<br>\u2022 2 Maio | Concerto Duo Jo\u00e3o-Paulo Esteves da Silva &amp; Ricardo Toscano<\/p>\n\n\n\n<p>Bilhete: 8,00\u20ac (oito euros)<br>Reserva de bilhetes e informa\u00e7\u00f5es: ajaconcertos@gmail.com | 963 460 757<\/p>\n\n\n\n<p>\u201cA gente ajuda. Havemos de ser mais. Eu bem sei\u201d<br>&#8211; Jos\u00e9 Afonso<\/p>\n","protected":false},"excerpt":{"rendered":"<p>\u201cVenham mais 6\u201d \u00e9 uma s\u00e9rie de espet\u00e1culos protagonizados por artistas de v\u00e1rias \u00e1reas, solid\u00e1rios com a causa e miss\u00e3o da Associa\u00e7\u00e3o. Estes encontros, inspirados pelo que foi o \u00faltimo \u00e1lbum de Jos\u00e9 Afonso antes da Revolu\u00e7\u00e3o de 25 de Abril, acontecem nas primeiras quintas-feiras de cada m\u00eas, no Audit\u00f3rio Cam\u00f5es &#8211; em Lisboa Constituir\u00e3o [&hellip;]<\/p>\n","protected":false},"author":3,"featured_media":43258,"comment_status":"open","ping_status":"open","sticky":false,"template":"","format":"standard","meta":[],"categories":[59],"tags":[],"_links":{"self":[{"href":"https:\/\/aja.pt\/en\/wp-json\/wp\/v2\/posts\/43466"}],"collection":[{"href":"https:\/\/aja.pt\/en\/wp-json\/wp\/v2\/posts"}],"about":[{"href":"https:\/\/aja.pt\/en\/wp-json\/wp\/v2\/types\/post"}],"author":[{"embeddable":true,"href":"https:\/\/aja.pt\/en\/wp-json\/wp\/v2\/users\/3"}],"replies":[{"embeddable":true,"href":"https:\/\/aja.pt\/en\/wp-json\/wp\/v2\/comments?post=43466"}],"version-history":[{"count":1,"href":"https:\/\/aja.pt\/en\/wp-json\/wp\/v2\/posts\/43466\/revisions"}],"predecessor-version":[{"id":43467,"href":"https:\/\/aja.pt\/en\/wp-json\/wp\/v2\/posts\/43466\/revisions\/43467"}],"wp:featuredmedia":[{"embeddable":true,"href":"https:\/\/aja.pt\/en\/wp-json\/wp\/v2\/media\/43258"}],"wp:attachment":[{"href":"https:\/\/aja.pt\/en\/wp-json\/wp\/v2\/media?parent=43466"}],"wp:term":[{"taxonomy":"category","embeddable":true,"href":"https:\/\/aja.pt\/en\/wp-json\/wp\/v2\/categories?post=43466"},{"taxonomy":"post_tag","embeddable":true,"href":"https:\/\/aja.pt\/en\/wp-json\/wp\/v2\/tags?post=43466"}],"curies":[{"name":"wp","href":"https:\/\/api.w.org\/{rel}","templated":true}]}}