{"id":43456,"date":"2024-01-12T17:00:33","date_gmt":"2024-01-12T17:00:33","guid":{"rendered":"https:\/\/aja.pt\/?p=43456"},"modified":"2024-01-12T17:08:46","modified_gmt":"2024-01-12T17:08:46","slug":"concerto-francisco-fanhais-e-manuel-teixeira","status":"publish","type":"post","link":"https:\/\/aja.pt\/en\/concerto-francisco-fanhais-e-manuel-teixeira\/","title":{"rendered":"Concerto Francisco Fanhais e Manuel Teixeira"},"content":{"rendered":"\n<p>Em parceria com a <a rel=\"noreferrer noopener\" href=\"https:\/\/nova-morada.com\/joomla433\/\" target=\"_blank\">Cooperativa de Habita\u00e7\u00e3o Nova Morada<\/a>, e sob o lema: <strong>Celebrando\u00a0o 25 de Abril de 1974 e pelo direito a uma casa para todos<\/strong>, a AJA promove um concerto com Francisco Fanhais e Manuel Teixeira no pr\u00f3ximo dia 26 de Janeiro, \u00e0s 21h30, na sede da Cooperativa, em Pa\u00e7o de Arcos. <\/p>\n\n\n\n<p>Entrada livre. Apare\u00e7am.<br><br>Mais informa\u00e7\u00f5es: 214 461 780\u00a0 |\u00a0\u00a0937 170 300\u00a0<\/p>\n\n\n\n<figure class=\"wp-block-image size-large\"><img loading=\"lazy\" width=\"1024\" height=\"683\" src=\"https:\/\/aja.pt\/wp-content\/uploads\/2024\/01\/Fanhais-redes-1-1024x683.jpg\" alt=\"\" class=\"wp-image-43461\" srcset=\"https:\/\/aja.pt\/wp-content\/uploads\/2024\/01\/Fanhais-redes-1-1024x683.jpg 1024w, https:\/\/aja.pt\/wp-content\/uploads\/2024\/01\/Fanhais-redes-1-300x200.jpg 300w, https:\/\/aja.pt\/wp-content\/uploads\/2024\/01\/Fanhais-redes-1-768x512.jpg 768w, https:\/\/aja.pt\/wp-content\/uploads\/2024\/01\/Fanhais-redes-1-1140x760.jpg 1140w, https:\/\/aja.pt\/wp-content\/uploads\/2024\/01\/Fanhais-redes-1.jpg 1200w\" sizes=\"(max-width: 1024px) 100vw, 1024px\" \/><\/figure>\n","protected":false},"excerpt":{"rendered":"<p>Em parceria com a Cooperativa de Habita\u00e7\u00e3o Nova Morada, e sob o lema: Celebrando\u00a0o 25 de Abril de 1974 e pelo direito a uma casa para todos, a AJA promove um concerto com Francisco Fanhais e Manuel Teixeira no pr\u00f3ximo dia 26 de Janeiro, \u00e0s 21h30, na sede da Cooperativa, em Pa\u00e7o de Arcos. Entrada [&hellip;]<\/p>\n","protected":false},"author":3,"featured_media":43461,"comment_status":"open","ping_status":"open","sticky":false,"template":"","format":"standard","meta":[],"categories":[59],"tags":[],"_links":{"self":[{"href":"https:\/\/aja.pt\/en\/wp-json\/wp\/v2\/posts\/43456"}],"collection":[{"href":"https:\/\/aja.pt\/en\/wp-json\/wp\/v2\/posts"}],"about":[{"href":"https:\/\/aja.pt\/en\/wp-json\/wp\/v2\/types\/post"}],"author":[{"embeddable":true,"href":"https:\/\/aja.pt\/en\/wp-json\/wp\/v2\/users\/3"}],"replies":[{"embeddable":true,"href":"https:\/\/aja.pt\/en\/wp-json\/wp\/v2\/comments?post=43456"}],"version-history":[{"count":2,"href":"https:\/\/aja.pt\/en\/wp-json\/wp\/v2\/posts\/43456\/revisions"}],"predecessor-version":[{"id":43463,"href":"https:\/\/aja.pt\/en\/wp-json\/wp\/v2\/posts\/43456\/revisions\/43463"}],"wp:featuredmedia":[{"embeddable":true,"href":"https:\/\/aja.pt\/en\/wp-json\/wp\/v2\/media\/43461"}],"wp:attachment":[{"href":"https:\/\/aja.pt\/en\/wp-json\/wp\/v2\/media?parent=43456"}],"wp:term":[{"taxonomy":"category","embeddable":true,"href":"https:\/\/aja.pt\/en\/wp-json\/wp\/v2\/categories?post=43456"},{"taxonomy":"post_tag","embeddable":true,"href":"https:\/\/aja.pt\/en\/wp-json\/wp\/v2\/tags?post=43456"}],"curies":[{"name":"wp","href":"https:\/\/api.w.org\/{rel}","templated":true}]}}