{"id":42956,"date":"2023-07-20T15:43:31","date_gmt":"2023-07-20T15:43:31","guid":{"rendered":"https:\/\/aja.pt\/?p=42956"},"modified":"2023-07-20T15:44:25","modified_gmt":"2023-07-20T15:44:25","slug":"como-se-fora-seu-filho-2023","status":"publish","type":"post","link":"https:\/\/aja.pt\/en\/como-se-fora-seu-filho-2023\/","title":{"rendered":"&#8220;Como se fora seu filho&#8221; 2023"},"content":{"rendered":"\n<p>No pr\u00f3ximo dia 5 de Agosto, \u00e0s 22h, no Jardim 1\u00ba de Maio, a <a href=\"https:\/\/www.facebook.com\/associacaojoseafonso?__cft__[0]=AZXW1uL4FVlfC_wplmJkrh3IqDwdWs37bmqtzRpWJjR7OtxtFSYckRvSEVomNlyK54uA5enomNJ6OrQ-5HLI4_GTX8JQed9W-pc0VVKhuRgxLpqOp28roX0BzwnKLXuMO4joswg7fTIbnN7i4slvVT-5VWDK3f14sJ6G1rJ8LyzBmS3tY4_yDjjO6wWds_nfqIc&amp;__tn__=-]K-R\">Associa\u00e7\u00e3o Jos\u00e9 Afonso<\/a> e o <a href=\"https:\/\/www.facebook.com\/grandolamunicipio?__cft__[0]=AZXW1uL4FVlfC_wplmJkrh3IqDwdWs37bmqtzRpWJjR7OtxtFSYckRvSEVomNlyK54uA5enomNJ6OrQ-5HLI4_GTX8JQed9W-pc0VVKhuRgxLpqOp28roX0BzwnKLXuMO4joswg7fTIbnN7i4slvVT-5VWDK3f14sJ6G1rJ8LyzBmS3tY4_yDjjO6wWds_nfqIc&amp;__tn__=-]K-R\">Munic\u00edpio de Gr\u00e2ndola<\/a> apresentam nova edi\u00e7\u00e3o do concerto &#8220;Como se fora seu filho&#8221;, que este ano levar\u00e1 a palco o grupo <a href=\"https:\/\/www.facebook.com\/caisdasaudade?__cft__[0]=AZXW1uL4FVlfC_wplmJkrh3IqDwdWs37bmqtzRpWJjR7OtxtFSYckRvSEVomNlyK54uA5enomNJ6OrQ-5HLI4_GTX8JQed9W-pc0VVKhuRgxLpqOp28roX0BzwnKLXuMO4joswg7fTIbnN7i4slvVT-5VWDK3f14sJ6G1rJ8LyzBmS3tY4_yDjjO6wWds_nfqIc&amp;__tn__=-]K-R\">Cais da Saudade<\/a>.<\/p>\n\n\n\n<figure class=\"wp-block-image size-large\"><img loading=\"lazy\" width=\"1024\" height=\"683\" src=\"https:\/\/aja.pt\/wp-content\/uploads\/2023\/07\/Como-se-fora-2023-1024x683.jpg\" alt=\"\" class=\"wp-image-42957\" srcset=\"https:\/\/aja.pt\/wp-content\/uploads\/2023\/07\/Como-se-fora-2023-1024x683.jpg 1024w, https:\/\/aja.pt\/wp-content\/uploads\/2023\/07\/Como-se-fora-2023-300x200.jpg 300w, https:\/\/aja.pt\/wp-content\/uploads\/2023\/07\/Como-se-fora-2023-768x512.jpg 768w, https:\/\/aja.pt\/wp-content\/uploads\/2023\/07\/Como-se-fora-2023-1140x760.jpg 1140w, https:\/\/aja.pt\/wp-content\/uploads\/2023\/07\/Como-se-fora-2023.jpg 1200w\" sizes=\"(max-width: 1024px) 100vw, 1024px\" \/><\/figure>\n","protected":false},"excerpt":{"rendered":"<p>No pr\u00f3ximo dia 5 de Agosto, \u00e0s 22h, no Jardim 1\u00ba de Maio, a Associa\u00e7\u00e3o Jos\u00e9 Afonso e o Munic\u00edpio de Gr\u00e2ndola apresentam nova edi\u00e7\u00e3o do concerto &#8220;Como se fora seu filho&#8221;, que este ano levar\u00e1 a palco o grupo Cais da Saudade.<\/p>\n","protected":false},"author":3,"featured_media":42957,"comment_status":"open","ping_status":"open","sticky":false,"template":"","format":"standard","meta":[],"categories":[59],"tags":[],"_links":{"self":[{"href":"https:\/\/aja.pt\/en\/wp-json\/wp\/v2\/posts\/42956"}],"collection":[{"href":"https:\/\/aja.pt\/en\/wp-json\/wp\/v2\/posts"}],"about":[{"href":"https:\/\/aja.pt\/en\/wp-json\/wp\/v2\/types\/post"}],"author":[{"embeddable":true,"href":"https:\/\/aja.pt\/en\/wp-json\/wp\/v2\/users\/3"}],"replies":[{"embeddable":true,"href":"https:\/\/aja.pt\/en\/wp-json\/wp\/v2\/comments?post=42956"}],"version-history":[{"count":2,"href":"https:\/\/aja.pt\/en\/wp-json\/wp\/v2\/posts\/42956\/revisions"}],"predecessor-version":[{"id":42960,"href":"https:\/\/aja.pt\/en\/wp-json\/wp\/v2\/posts\/42956\/revisions\/42960"}],"wp:featuredmedia":[{"embeddable":true,"href":"https:\/\/aja.pt\/en\/wp-json\/wp\/v2\/media\/42957"}],"wp:attachment":[{"href":"https:\/\/aja.pt\/en\/wp-json\/wp\/v2\/media?parent=42956"}],"wp:term":[{"taxonomy":"category","embeddable":true,"href":"https:\/\/aja.pt\/en\/wp-json\/wp\/v2\/categories?post=42956"},{"taxonomy":"post_tag","embeddable":true,"href":"https:\/\/aja.pt\/en\/wp-json\/wp\/v2\/tags?post=42956"}],"curies":[{"name":"wp","href":"https:\/\/api.w.org\/{rel}","templated":true}]}}