{"id":42741,"date":"2023-04-07T19:11:59","date_gmt":"2023-04-07T19:11:59","guid":{"rendered":"https:\/\/aja.pt\/?p=42741"},"modified":"2023-04-07T19:12:37","modified_gmt":"2023-04-07T19:12:37","slug":"concero-aja-miguel-calhaz","status":"publish","type":"post","link":"https:\/\/aja.pt\/en\/concero-aja-miguel-calhaz\/","title":{"rendered":"Concerto AJA: Miguel Calhaz"},"content":{"rendered":"\n<p>No pr\u00f3ximo dia 15 de Abril, \u00e0s 21h30, recebemos <a href=\"https:\/\/www.facebook.com\/profile.php?id=100063614289902&amp;__cft__[0]=AZVbMFMRh6JCAWmdyUBO3rs71ZWQ03zm9gJkj8CouWDIRAb3czjicTVsKGEauByg4kUz7ZvT75LY_79yQ10Bb_O8ny_VbMJnKL8ZxxSSVAdKUKXBJOJ5o_jI3Wv4WhVSKTkl-ASw3Saw_bz9Sw0gGsDB6T8DQDNOSnq0rDr2nbHuMCC1Co1gDppuwR55sYi16VQ&amp;__tn__=-]K-R\">Miguel Calhaz-M\u00fasico<\/a> na <a href=\"https:\/\/www.facebook.com\/casadaculturasetubal?__cft__[0]=AZVbMFMRh6JCAWmdyUBO3rs71ZWQ03zm9gJkj8CouWDIRAb3czjicTVsKGEauByg4kUz7ZvT75LY_79yQ10Bb_O8ny_VbMJnKL8ZxxSSVAdKUKXBJOJ5o_jI3Wv4WhVSKTkl-ASw3Saw_bz9Sw0gGsDB6T8DQDNOSnq0rDr2nbHuMCC1Co1gDppuwR55sYi16VQ&amp;__tn__=-]K-R\">Casa Da Cultura | Set\u00fabal<\/a> para mais um concerto AJA. Apare\u00e7am.<\/p>\n\n\n\n<figure class=\"wp-block-image size-large\"><img loading=\"lazy\" width=\"1024\" height=\"683\" src=\"https:\/\/aja.pt\/wp-content\/uploads\/2023\/04\/Calhaz-AJA-1024x683.jpg\" alt=\"\" class=\"wp-image-42742\" srcset=\"https:\/\/aja.pt\/wp-content\/uploads\/2023\/04\/Calhaz-AJA-1024x683.jpg 1024w, https:\/\/aja.pt\/wp-content\/uploads\/2023\/04\/Calhaz-AJA-300x200.jpg 300w, https:\/\/aja.pt\/wp-content\/uploads\/2023\/04\/Calhaz-AJA-768x512.jpg 768w, https:\/\/aja.pt\/wp-content\/uploads\/2023\/04\/Calhaz-AJA-1140x760.jpg 1140w, https:\/\/aja.pt\/wp-content\/uploads\/2023\/04\/Calhaz-AJA.jpg 1200w\" sizes=\"(max-width: 1024px) 100vw, 1024px\" \/><\/figure>\n","protected":false},"excerpt":{"rendered":"<p>No pr\u00f3ximo dia 15 de Abril, \u00e0s 21h30, recebemos Miguel Calhaz-M\u00fasico na Casa Da Cultura | Set\u00fabal para mais um concerto AJA. Apare\u00e7am.<\/p>\n","protected":false},"author":3,"featured_media":42742,"comment_status":"open","ping_status":"open","sticky":false,"template":"","format":"standard","meta":[],"categories":[59],"tags":[],"_links":{"self":[{"href":"https:\/\/aja.pt\/en\/wp-json\/wp\/v2\/posts\/42741"}],"collection":[{"href":"https:\/\/aja.pt\/en\/wp-json\/wp\/v2\/posts"}],"about":[{"href":"https:\/\/aja.pt\/en\/wp-json\/wp\/v2\/types\/post"}],"author":[{"embeddable":true,"href":"https:\/\/aja.pt\/en\/wp-json\/wp\/v2\/users\/3"}],"replies":[{"embeddable":true,"href":"https:\/\/aja.pt\/en\/wp-json\/wp\/v2\/comments?post=42741"}],"version-history":[{"count":2,"href":"https:\/\/aja.pt\/en\/wp-json\/wp\/v2\/posts\/42741\/revisions"}],"predecessor-version":[{"id":42745,"href":"https:\/\/aja.pt\/en\/wp-json\/wp\/v2\/posts\/42741\/revisions\/42745"}],"wp:featuredmedia":[{"embeddable":true,"href":"https:\/\/aja.pt\/en\/wp-json\/wp\/v2\/media\/42742"}],"wp:attachment":[{"href":"https:\/\/aja.pt\/en\/wp-json\/wp\/v2\/media?parent=42741"}],"wp:term":[{"taxonomy":"category","embeddable":true,"href":"https:\/\/aja.pt\/en\/wp-json\/wp\/v2\/categories?post=42741"},{"taxonomy":"post_tag","embeddable":true,"href":"https:\/\/aja.pt\/en\/wp-json\/wp\/v2\/tags?post=42741"}],"curies":[{"name":"wp","href":"https:\/\/api.w.org\/{rel}","templated":true}]}}