{"id":42736,"date":"2023-04-06T20:08:40","date_gmt":"2023-04-06T20:08:40","guid":{"rendered":"https:\/\/aja.pt\/?p=42736"},"modified":"2023-04-06T20:08:53","modified_gmt":"2023-04-06T20:08:53","slug":"tertulias-discograficas","status":"publish","type":"post","link":"https:\/\/aja.pt\/en\/tertulias-discograficas\/","title":{"rendered":"Tert\u00falias discogr\u00e1ficas"},"content":{"rendered":"\n<p>No pr\u00f3ximo dia 14 de Abril, d\u00e1-se in\u00edcio na <a href=\"https:\/\/www.facebook.com\/casadaculturasetubal?__cft__[0]=AZVIl9odfaXA5B-olsn_WCaqNvcuG8yG4nGPz-GtjT3JI2Rv5UJKnFhlSr79gzlCp4eMBHE24zr9iZ3sn0lyLSioE2YXTMOTVwWiYW6X5N3Py6XEiSvXwZfdwKoBfUtblXeqkb20TI00DYfUEwOuiZCP11CiXDNetZ_LDzcLUrDL_cWwTp-gq3T7NbOPhjB0DfI&amp;__tn__=-]K-R\">Casa Da Cultura | Set\u00fabal<\/a> a uma s\u00e9rie de tert\u00falias promovida pela <a href=\"https:\/\/www.facebook.com\/associacaojoseafonso?__cft__[0]=AZVIl9odfaXA5B-olsn_WCaqNvcuG8yG4nGPz-GtjT3JI2Rv5UJKnFhlSr79gzlCp4eMBHE24zr9iZ3sn0lyLSioE2YXTMOTVwWiYW6X5N3Py6XEiSvXwZfdwKoBfUtblXeqkb20TI00DYfUEwOuiZCP11CiXDNetZ_LDzcLUrDL_cWwTp-gq3T7NbOPhjB0DfI&amp;__tn__=-]K-R\">Associa\u00e7\u00e3o Jos\u00e9 Afonso<\/a> sobre a obra discogr\u00e1fica de Jos\u00e9 Afonso antes do 25 de Abril.<br>Todas as conversas ser\u00e3o moderadas pelo investigador musical e autor de programas radiof\u00f3nicos e televisivos <a href=\"https:\/\/www.facebook.com\/joaocarloscallixto?__cft__[0]=AZVIl9odfaXA5B-olsn_WCaqNvcuG8yG4nGPz-GtjT3JI2Rv5UJKnFhlSr79gzlCp4eMBHE24zr9iZ3sn0lyLSioE2YXTMOTVwWiYW6X5N3Py6XEiSvXwZfdwKoBfUtblXeqkb20TI00DYfUEwOuiZCP11CiXDNetZ_LDzcLUrDL_cWwTp-gq3T7NbOPhjB0DfI&amp;__tn__=-]K-R\">Jo\u00e3o Carlos Callixto<\/a>. Os convidados para esta primeira conversa ser\u00e3o Francisco Fanhais, presidente da Associa\u00e7\u00e3o Jos\u00e9 Afonso e cantor, assim como Jos\u00e9 Fortes, um dos mais prestigiados t\u00e9cnicos de som portugueses.<\/p>\n\n\n\n<figure class=\"wp-block-image\"><img\/><\/figure>\n","protected":false},"excerpt":{"rendered":"<p>No pr\u00f3ximo dia 14 de Abril, d\u00e1-se in\u00edcio na Casa Da Cultura | Set\u00fabal a uma s\u00e9rie de tert\u00falias promovida pela Associa\u00e7\u00e3o Jos\u00e9 Afonso sobre a obra discogr\u00e1fica de Jos\u00e9 Afonso antes do 25 de Abril.Todas as conversas ser\u00e3o moderadas pelo investigador musical e autor de programas radiof\u00f3nicos e televisivos Jo\u00e3o Carlos Callixto. Os convidados [&hellip;]<\/p>\n","protected":false},"author":3,"featured_media":42737,"comment_status":"open","ping_status":"open","sticky":false,"template":"","format":"standard","meta":[],"categories":[59,115],"tags":[],"_links":{"self":[{"href":"https:\/\/aja.pt\/en\/wp-json\/wp\/v2\/posts\/42736"}],"collection":[{"href":"https:\/\/aja.pt\/en\/wp-json\/wp\/v2\/posts"}],"about":[{"href":"https:\/\/aja.pt\/en\/wp-json\/wp\/v2\/types\/post"}],"author":[{"embeddable":true,"href":"https:\/\/aja.pt\/en\/wp-json\/wp\/v2\/users\/3"}],"replies":[{"embeddable":true,"href":"https:\/\/aja.pt\/en\/wp-json\/wp\/v2\/comments?post=42736"}],"version-history":[{"count":1,"href":"https:\/\/aja.pt\/en\/wp-json\/wp\/v2\/posts\/42736\/revisions"}],"predecessor-version":[{"id":42739,"href":"https:\/\/aja.pt\/en\/wp-json\/wp\/v2\/posts\/42736\/revisions\/42739"}],"wp:featuredmedia":[{"embeddable":true,"href":"https:\/\/aja.pt\/en\/wp-json\/wp\/v2\/media\/42737"}],"wp:attachment":[{"href":"https:\/\/aja.pt\/en\/wp-json\/wp\/v2\/media?parent=42736"}],"wp:term":[{"taxonomy":"category","embeddable":true,"href":"https:\/\/aja.pt\/en\/wp-json\/wp\/v2\/categories?post=42736"},{"taxonomy":"post_tag","embeddable":true,"href":"https:\/\/aja.pt\/en\/wp-json\/wp\/v2\/tags?post=42736"}],"curies":[{"name":"wp","href":"https:\/\/api.w.org\/{rel}","templated":true}]}}