{"id":42685,"date":"2023-03-24T22:32:33","date_gmt":"2023-03-24T22:32:33","guid":{"rendered":"https:\/\/aja.pt\/?p=42685"},"modified":"2023-03-24T22:32:39","modified_gmt":"2023-03-24T22:32:39","slug":"cinema-na-aja","status":"publish","type":"post","link":"https:\/\/aja.pt\/en\/cinema-na-aja\/","title":{"rendered":"Cinema na AJA"},"content":{"rendered":"\n<p>Em parceria com o Projecto Identidade e a <a href=\"https:\/\/www.facebook.com\/festroia\/?__cft__[0]=AZU-42HzzAZsG3PF5iSWdnyF2xdc7TaWECrGtsigWa1LwSJtLSZGQ4m4E_c434ne6EZ8-2Wz37DywaTKUDKGDVAO9MgKBPpRFPKsZm06ccnBPDFHhQoOsFOWDMKVzpGzDukZJoiSGRioxalu7hOks6RdwzuqUe7YldTNUg8D26lGYbIAiBzKHqhtrdSsnMKcSQE&amp;__tn__=kK-R\">Festroia Set\u00fabal<\/a>, apresentaremos na sala Jos\u00e9 Afonso, <a href=\"https:\/\/www.facebook.com\/casadaculturasetubal?__cft__[0]=AZU-42HzzAZsG3PF5iSWdnyF2xdc7TaWECrGtsigWa1LwSJtLSZGQ4m4E_c434ne6EZ8-2Wz37DywaTKUDKGDVAO9MgKBPpRFPKsZm06ccnBPDFHhQoOsFOWDMKVzpGzDukZJoiSGRioxalu7hOks6RdwzuqUe7YldTNUg8D26lGYbIAiBzKHqhtrdSsnMKcSQE&amp;__tn__=-]K-R\">Casa Da Cultura | Set\u00fabal<\/a>, uma sess\u00e3o de cinema infanto-juvenil onde se apresentar\u00e1 um conjunto de curtas sobre identidade e diferen\u00e7a, sobre quem somos e quem s\u00e3o os outros e de que modo os vemos, que lugar ocupamos e que lugar t\u00eam e devem ter os outros, desafiando-nos a pensar como podemos viver saud\u00e1vel e harmoniosamente uns com os outros com todas as nossas diferen\u00e7as.<\/p>\n\n\n\n<p>Filmes:<\/p>\n\n\n\n<p>\ud835\udde3\ud835\uddff\ud835\uddf6\ud835\uddfb\ud835\uddf0\ud835\uddf2\ud835\ude00\ud835\uddee (\ud835\uddd8\ud835\udde8\ud835\uddd4, \ud835\udff0&#8217;), \ud835\uddf1\ud835\uddf2 \ud835\udddb\ud835\uddfc\ud835\ude00\ud835\ude00 \ud835\uddea\ud835\uddf5\ud835\uddf2\ud835\uddf2\ud835\uddf9\ud835\uddf2\ud835\uddff<br>Sinopse: Um pai decide ir ao encontro da sua pequena filha vestido de princesa. Mas, para chegar ao parque onde ela est\u00e1, tem de atravessar uma cidade movimentada na qual todos os olhares se colam \u00e0 sua indument\u00e1ria\u2026<\/p>\n\n\n\n<p>\ud835\uddd8\ud835\uddff\ud835\uddff\ud835\uddfc \ud835\uddf1\ud835\uddf2 \ud835\ude00\ud835\uddf6\ud835\ude00\ud835\ude01\ud835\uddf2\ud835\uddfa\ud835\uddee (\ud835\udde3\ud835\uddfc\ud835\uddf9\ud835\uddfc\u0301\ud835\uddfb\ud835\uddf6\ud835\uddee, \ud835\udff0&#8217;), \ud835\uddf1\ud835\uddf2 \ud835\udde3\ud835\uddf6\ud835\uddfc\ud835\ude01\ud835\uddff \ud835\uddde\ud835\uddee\ud835\ude07\u0301\ud835\uddfa\ud835\uddf6\ud835\uddf2\ud835\uddff\ud835\uddf0\ud835\ude07\ud835\uddee\ud835\uddf8<br>Sinopse: Imagine-se uma sociedade padronizada num mundo padronizado, com tudo a funcionar de forma ordeira e previs\u00edvel. Se alguma unidade se mostra desajustada, ela rapidamente perde o seu lugar. At\u00e9 um dia\u2026 <\/p>\n\n\n\n<p>\ud835\uddd6\ud835\uddee\ud835\uddfa\ud835\uddf6\ud835\uddfb\ud835\uddf5\ud835\uddee \ud835\uddf0\ud835\uddfc\ud835\uddfa\ud835\uddf6\ud835\uddf4\ud835\uddfc (\ud835\uddd8\ud835\ude00\ud835\uddfd\ud835\uddee\ud835\uddfb\ud835\uddf5\ud835\uddee, \ud835\udfef&#8217;), \ud835\uddf1\ud835\uddf2 \ud835\udddd\ud835\uddee\ud835\ude03\ud835\uddf6 \ud835\udde1\ud835\uddee\ud835\ude03\ud835\uddee\ud835\uddff\ud835\uddff\ud835\uddfc <br>Sinopse: Quando nascemos, somos rotulados e separados. Mas se caminharmos juntos, ser\u00e1 mais f\u00e1cil escolher o nosso caminho.<\/p>\n\n\n\n<p>\ud835\udde2 \ud835\uddf1\ud835\uddf2\ud835\ude00\ud835\uddf2\ud835\uddfa\ud835\uddef\ud835\uddee\ud835\uddff\ud835\uddfe\ud835\ude02\ud835\uddf2 (\ud835\uddd9\ud835\uddf6\ud835\uddfb\ud835\uddf9\ud835\uddee\u0302\ud835\uddfb\ud835\uddf1\ud835\uddf6\ud835\uddee, \ud835\udff5&#8217;), \ud835\uddf1\ud835\uddf2 \ud835\uddde\ud835\uddee\ud835\uddf6\ud835\ude00\ud835\uddee \ud835\udde3\ud835\uddf2\ud835\uddfb\ud835\ude01\ud835\ude01\ud835\uddf6\ud835\uddf9\ud835\uddee\u0308<br>Sinopse: Quem somos \u201cn\u00f3s\u201d? E quem s\u00e3o \u201cos outros\u201d? Se o desconhecido nos surpreender no nosso trajeto, poder\u00e1 o medo do que \u00e9 diferente levar-nos a optar pela reclus\u00e3o na companhia daqueles que vemos como \u201cos nossos\u201d?<\/p>\n\n\n\n<p>\ud835\udde0\ud835\uddf6\ud835\uddf4\ud835\uddff\ud835\uddee\ud835\uddfb\ud835\ude01\ud835\uddf2\ud835\ude00 (\ud835\uddd9\ud835\uddff\ud835\uddee\ud835\uddfb\ud835\uddf0\u0327\ud835\uddee, \ud835\udff4&#8217;), \ud835\uddf1\ud835\uddf2 \ud835\udddb\ud835\ude02\ud835\uddf4\ud835\uddfc \ud835\uddd6\ud835\uddee\ud835\uddef\ud835\ude06, \ud835\uddd4\ud835\uddfb\ud835\ude01\ud835\uddfc\ud835\uddf6\ud835\uddfb\ud835\uddf2 \ud835\uddd7\ud835\ude02\ud835\uddfd\ud835\uddff\ud835\uddf6\ud835\uddf2\ud835\ude07, \ud835\uddd4\ud835\ude02\ud835\uddef\ud835\uddf6\ud835\uddfb \ud835\uddde\ud835\ude02\ud835\uddef\ud835\uddf6\ud835\uddee\ud835\uddf8, \ud835\udddf\ud835\ude02\ud835\uddf0\ud835\uddee\ud835\ude00 \ud835\udddf\ud835\uddf2\ud835\uddff\ud835\uddfa\ud835\ude06\ud835\ude01\ud835\ude01\ud835\uddf2, \ud835\udded\ud835\uddfc\ud835\uddf2\u0301 \ud835\uddd7\ud835\uddf2\ud835\ude03\ud835\uddf6\ud835\ude00\ud835\uddf2<br>Sinopse: Dois ursos polares s\u00e3o levados ao ex\u00edlio pelo aquecimento global. Em busca de um novo lar, eles v\u00e3o encontrar uma comunidade de ursos pardos. N\u00e3o sendo assim t\u00e3o distintas, estas esp\u00e9cies podem coabitar. Ou ser\u00e1 que n\u00e3o?<\/p>\n\n\n\n<figure class=\"wp-block-image size-large\"><img loading=\"lazy\" width=\"1024\" height=\"683\" src=\"https:\/\/aja.pt\/wp-content\/uploads\/2023\/03\/Cinema-AJA-1024x683.jpg\" alt=\"\" class=\"wp-image-42686\" srcset=\"https:\/\/aja.pt\/wp-content\/uploads\/2023\/03\/Cinema-AJA-1024x683.jpg 1024w, https:\/\/aja.pt\/wp-content\/uploads\/2023\/03\/Cinema-AJA-300x200.jpg 300w, https:\/\/aja.pt\/wp-content\/uploads\/2023\/03\/Cinema-AJA-768x512.jpg 768w, https:\/\/aja.pt\/wp-content\/uploads\/2023\/03\/Cinema-AJA-1140x760.jpg 1140w, https:\/\/aja.pt\/wp-content\/uploads\/2023\/03\/Cinema-AJA.jpg 1200w\" sizes=\"(max-width: 1024px) 100vw, 1024px\" \/><\/figure>\n","protected":false},"excerpt":{"rendered":"<p>Em parceria com o Projecto Identidade e a Festroia Set\u00fabal, apresentaremos na sala Jos\u00e9 Afonso, Casa Da Cultura | Set\u00fabal, uma sess\u00e3o de cinema infanto-juvenil onde se apresentar\u00e1 um conjunto de curtas sobre identidade e diferen\u00e7a, sobre quem somos e quem s\u00e3o os outros e de que modo os vemos, que lugar ocupamos e que [&hellip;]<\/p>\n","protected":false},"author":3,"featured_media":42686,"comment_status":"open","ping_status":"open","sticky":false,"template":"","format":"standard","meta":[],"categories":[59],"tags":[],"_links":{"self":[{"href":"https:\/\/aja.pt\/en\/wp-json\/wp\/v2\/posts\/42685"}],"collection":[{"href":"https:\/\/aja.pt\/en\/wp-json\/wp\/v2\/posts"}],"about":[{"href":"https:\/\/aja.pt\/en\/wp-json\/wp\/v2\/types\/post"}],"author":[{"embeddable":true,"href":"https:\/\/aja.pt\/en\/wp-json\/wp\/v2\/users\/3"}],"replies":[{"embeddable":true,"href":"https:\/\/aja.pt\/en\/wp-json\/wp\/v2\/comments?post=42685"}],"version-history":[{"count":1,"href":"https:\/\/aja.pt\/en\/wp-json\/wp\/v2\/posts\/42685\/revisions"}],"predecessor-version":[{"id":42688,"href":"https:\/\/aja.pt\/en\/wp-json\/wp\/v2\/posts\/42685\/revisions\/42688"}],"wp:featuredmedia":[{"embeddable":true,"href":"https:\/\/aja.pt\/en\/wp-json\/wp\/v2\/media\/42686"}],"wp:attachment":[{"href":"https:\/\/aja.pt\/en\/wp-json\/wp\/v2\/media?parent=42685"}],"wp:term":[{"taxonomy":"category","embeddable":true,"href":"https:\/\/aja.pt\/en\/wp-json\/wp\/v2\/categories?post=42685"},{"taxonomy":"post_tag","embeddable":true,"href":"https:\/\/aja.pt\/en\/wp-json\/wp\/v2\/tags?post=42685"}],"curies":[{"name":"wp","href":"https:\/\/api.w.org\/{rel}","templated":true}]}}