{"id":42679,"date":"2023-03-21T19:43:29","date_gmt":"2023-03-21T19:43:29","guid":{"rendered":"https:\/\/aja.pt\/?p=42679"},"modified":"2023-03-21T19:43:43","modified_gmt":"2023-03-21T19:43:43","slug":"11-anos-do-nucleo-de-santarem","status":"publish","type":"post","link":"https:\/\/aja.pt\/en\/11-anos-do-nucleo-de-santarem\/","title":{"rendered":"11 anos do n\u00facleo de Santar\u00e9m"},"content":{"rendered":"\n<p>Dia 31 de Mar\u00e7o, \u00e0s 21h30, o n\u00facleo <a href=\"https:\/\/www.facebook.com\/ajasantarem?__cft__[0]=AZXoJhdawAWrFMkYL8jhtjDbq3qYCNwHywLcA4kDJ8u1OtbYeJXFlZY--dcOZPDsaDmL8kzqW14AlgDIRIF5h-67gLjlsmJKnc1_qPsyFhdd9AdnT6ZMPrguwUjJv1SYCAAdBnNndkLNbKMqDB8PZyFGVA1RjNAs99cO8csFDGIC_CrzWt-egAevPaA0mKHgFck&amp;__tn__=-]K-R\">AJA Santar\u00e9m<\/a> celebra o seu 11\u00ba anivers\u00e1rio com um concerto de <a href=\"https:\/\/www.facebook.com\/uxiamusica?__cft__[0]=AZXoJhdawAWrFMkYL8jhtjDbq3qYCNwHywLcA4kDJ8u1OtbYeJXFlZY--dcOZPDsaDmL8kzqW14AlgDIRIF5h-67gLjlsmJKnc1_qPsyFhdd9AdnT6ZMPrguwUjJv1SYCAAdBnNndkLNbKMqDB8PZyFGVA1RjNAs99cO8csFDGIC_CrzWt-egAevPaA0mKHgFck&amp;__tn__=-]K-R\">Ux\u00eda<\/a> e <a href=\"https:\/\/www.facebook.com\/JoaoAfonso.musico?__cft__[0]=AZXoJhdawAWrFMkYL8jhtjDbq3qYCNwHywLcA4kDJ8u1OtbYeJXFlZY--dcOZPDsaDmL8kzqW14AlgDIRIF5h-67gLjlsmJKnc1_qPsyFhdd9AdnT6ZMPrguwUjJv1SYCAAdBnNndkLNbKMqDB8PZyFGVA1RjNAs99cO8csFDGIC_CrzWt-egAevPaA0mKHgFck&amp;__tn__=-]K-R\">Jo\u00e3o Afonso<\/a>.<\/p>\n\n\n\n<p>Os bilhetes podem ser adquiridos no <a href=\"https:\/\/www.facebook.com\/teatrosadabandeirasantarem?__cft__[0]=AZXoJhdawAWrFMkYL8jhtjDbq3qYCNwHywLcA4kDJ8u1OtbYeJXFlZY--dcOZPDsaDmL8kzqW14AlgDIRIF5h-67gLjlsmJKnc1_qPsyFhdd9AdnT6ZMPrguwUjJv1SYCAAdBnNndkLNbKMqDB8PZyFGVA1RjNAs99cO8csFDGIC_CrzWt-egAevPaA0mKHgFck&amp;__tn__=-]K-R\">Teatro S\u00e1 da Bandeira<\/a> e na plataforma online BOL: <a rel=\"noreferrer noopener\" href=\"https:\/\/tinyurl.com\/2a8nzknc?fbclid=IwAR3YI-gx8aGC7S8lpv8s5SBJMSGwpf8C3Q04sYrRVbwNt8-CM6A1IofZ7ls\" target=\"_blank\">https:\/\/tinyurl.com\/2a8nzknc<\/a> , assim como nas lojas Worten, CTT e FNAC.<\/p>\n\n\n\n<p>Ux\u00eda, considerada a grande dama da m\u00fasica galega, possui um percurso art\u00edstico com mais de 3 d\u00e9cadas, no qual renovou a m\u00fasica tradicional galega, ligando-a com as culturas atl\u00e2nticas e misturando-a com morna, fado e ritmos brasileiros, para al\u00e9m de ser uma ac\u00e9rrima defensora dos valores de Abril e de Jo\u00e3o Afonso, sobrinho de Jos\u00e9 Afonso (filho de uma irm\u00e3 do Zeca) , cantautor de raiz tradicional portuguesa, que nos apresenta o seu trabalho e can\u00e7\u00f5es com ritmos africanos e m\u00faltiplas sonoridades, que colheu influ\u00eancias de Zeca Afonso. A sua colabora\u00e7\u00e3o em Maio Maduro Maio (1994), em parceria com Jos\u00e9 M\u00e1rio Branco e Am\u00e9lia Muge, valeu-lhe a atribui\u00e7\u00e3o do Pr\u00e9mio Jos\u00e9 Afonso.<\/p>\n\n\n\n<figure class=\"wp-block-image size-large\"><img loading=\"lazy\" width=\"1024\" height=\"683\" src=\"https:\/\/aja.pt\/wp-content\/uploads\/2023\/03\/11-anos-Santarem-1024x683.jpg\" alt=\"\" class=\"wp-image-42680\" srcset=\"https:\/\/aja.pt\/wp-content\/uploads\/2023\/03\/11-anos-Santarem-1024x683.jpg 1024w, https:\/\/aja.pt\/wp-content\/uploads\/2023\/03\/11-anos-Santarem-300x200.jpg 300w, https:\/\/aja.pt\/wp-content\/uploads\/2023\/03\/11-anos-Santarem-768x512.jpg 768w, https:\/\/aja.pt\/wp-content\/uploads\/2023\/03\/11-anos-Santarem-1140x760.jpg 1140w, https:\/\/aja.pt\/wp-content\/uploads\/2023\/03\/11-anos-Santarem.jpg 1200w\" sizes=\"(max-width: 1024px) 100vw, 1024px\" \/><\/figure>\n","protected":false},"excerpt":{"rendered":"<p>Dia 31 de Mar\u00e7o, \u00e0s 21h30, o n\u00facleo AJA Santar\u00e9m celebra o seu 11\u00ba anivers\u00e1rio com um concerto de Ux\u00eda e Jo\u00e3o Afonso. Os bilhetes podem ser adquiridos no Teatro S\u00e1 da Bandeira e na plataforma online BOL: https:\/\/tinyurl.com\/2a8nzknc , assim como nas lojas Worten, CTT e FNAC. Ux\u00eda, considerada a grande dama da m\u00fasica [&hellip;]<\/p>\n","protected":false},"author":3,"featured_media":42680,"comment_status":"open","ping_status":"open","sticky":false,"template":"","format":"standard","meta":[],"categories":[296,58],"tags":[],"_links":{"self":[{"href":"https:\/\/aja.pt\/en\/wp-json\/wp\/v2\/posts\/42679"}],"collection":[{"href":"https:\/\/aja.pt\/en\/wp-json\/wp\/v2\/posts"}],"about":[{"href":"https:\/\/aja.pt\/en\/wp-json\/wp\/v2\/types\/post"}],"author":[{"embeddable":true,"href":"https:\/\/aja.pt\/en\/wp-json\/wp\/v2\/users\/3"}],"replies":[{"embeddable":true,"href":"https:\/\/aja.pt\/en\/wp-json\/wp\/v2\/comments?post=42679"}],"version-history":[{"count":1,"href":"https:\/\/aja.pt\/en\/wp-json\/wp\/v2\/posts\/42679\/revisions"}],"predecessor-version":[{"id":42682,"href":"https:\/\/aja.pt\/en\/wp-json\/wp\/v2\/posts\/42679\/revisions\/42682"}],"wp:featuredmedia":[{"embeddable":true,"href":"https:\/\/aja.pt\/en\/wp-json\/wp\/v2\/media\/42680"}],"wp:attachment":[{"href":"https:\/\/aja.pt\/en\/wp-json\/wp\/v2\/media?parent=42679"}],"wp:term":[{"taxonomy":"category","embeddable":true,"href":"https:\/\/aja.pt\/en\/wp-json\/wp\/v2\/categories?post=42679"},{"taxonomy":"post_tag","embeddable":true,"href":"https:\/\/aja.pt\/en\/wp-json\/wp\/v2\/tags?post=42679"}],"curies":[{"name":"wp","href":"https:\/\/api.w.org\/{rel}","templated":true}]}}