{"id":40811,"date":"2022-11-18T17:31:50","date_gmt":"2022-11-18T17:31:50","guid":{"rendered":"https:\/\/aja.pt\/?p=40811"},"modified":"2022-11-18T17:31:53","modified_gmt":"2022-11-18T17:31:53","slug":"jose-afonso-obra-poetica","status":"publish","type":"post","link":"https:\/\/aja.pt\/en\/jose-afonso-obra-poetica\/","title":{"rendered":"Jos\u00e9 Afonso &#8211; Obra Po\u00e9tica"},"content":{"rendered":"\n<p>Est\u00e1 a chegar o livro &#8220;Jos\u00e9 Afonso &#8211; Obra Po\u00e9tica&#8221; (Editora Rel\u00f3gio D&#8217;\u00c1gua), 4\u00aa edi\u00e7\u00e3o do livro &#8220;Jos\u00e9 Afonso &#8211; Textos e can\u00e7\u00f5es&#8221;, publicado pela primeira vez em 1983, e que conta com quatro poemas in\u00e9ditos em livro, escritos nos anos 50 e 60. <\/p>\n\n\n\n<p>Podem j\u00e1 encontr\u00e1-lo <a href=\"https:\/\/aja.pt\/produto\/jose-afonso-obra-poetica\/\" target=\"_blank\" rel=\"noreferrer noopener\">na loja da AJA<\/a>. Os envios ser\u00e3o feitos a partir de 28 de novembro.<\/p>\n\n\n\n<figure class=\"wp-block-image size-large\"><img loading=\"lazy\" width=\"1024\" height=\"683\" src=\"https:\/\/aja.pt\/wp-content\/uploads\/2022\/11\/Obra-Poetica-site-1024x683.jpg\" alt=\"\" class=\"wp-image-40812\" srcset=\"https:\/\/aja.pt\/wp-content\/uploads\/2022\/11\/Obra-Poetica-site-1024x683.jpg 1024w, https:\/\/aja.pt\/wp-content\/uploads\/2022\/11\/Obra-Poetica-site-300x200.jpg 300w, https:\/\/aja.pt\/wp-content\/uploads\/2022\/11\/Obra-Poetica-site-768x512.jpg 768w, https:\/\/aja.pt\/wp-content\/uploads\/2022\/11\/Obra-Poetica-site-1140x760.jpg 1140w, https:\/\/aja.pt\/wp-content\/uploads\/2022\/11\/Obra-Poetica-site.jpg 1200w\" sizes=\"(max-width: 1024px) 100vw, 1024px\" \/><\/figure>\n","protected":false},"excerpt":{"rendered":"<p>Est\u00e1 a chegar o livro &#8220;Jos\u00e9 Afonso &#8211; Obra Po\u00e9tica&#8221; (Editora Rel\u00f3gio D&#8217;\u00c1gua), 4\u00aa edi\u00e7\u00e3o do livro &#8220;Jos\u00e9 Afonso &#8211; Textos e can\u00e7\u00f5es&#8221;, publicado pela primeira vez em 1983, e que conta com quatro poemas in\u00e9ditos em livro, escritos nos anos 50 e 60. Podem j\u00e1 encontr\u00e1-lo na loja da AJA. Os envios ser\u00e3o feitos [&hellip;]<\/p>\n","protected":false},"author":3,"featured_media":40812,"comment_status":"open","ping_status":"open","sticky":false,"template":"","format":"standard","meta":[],"categories":[93,96],"tags":[],"_links":{"self":[{"href":"https:\/\/aja.pt\/en\/wp-json\/wp\/v2\/posts\/40811"}],"collection":[{"href":"https:\/\/aja.pt\/en\/wp-json\/wp\/v2\/posts"}],"about":[{"href":"https:\/\/aja.pt\/en\/wp-json\/wp\/v2\/types\/post"}],"author":[{"embeddable":true,"href":"https:\/\/aja.pt\/en\/wp-json\/wp\/v2\/users\/3"}],"replies":[{"embeddable":true,"href":"https:\/\/aja.pt\/en\/wp-json\/wp\/v2\/comments?post=40811"}],"version-history":[{"count":1,"href":"https:\/\/aja.pt\/en\/wp-json\/wp\/v2\/posts\/40811\/revisions"}],"predecessor-version":[{"id":40814,"href":"https:\/\/aja.pt\/en\/wp-json\/wp\/v2\/posts\/40811\/revisions\/40814"}],"wp:featuredmedia":[{"embeddable":true,"href":"https:\/\/aja.pt\/en\/wp-json\/wp\/v2\/media\/40812"}],"wp:attachment":[{"href":"https:\/\/aja.pt\/en\/wp-json\/wp\/v2\/media?parent=40811"}],"wp:term":[{"taxonomy":"category","embeddable":true,"href":"https:\/\/aja.pt\/en\/wp-json\/wp\/v2\/categories?post=40811"},{"taxonomy":"post_tag","embeddable":true,"href":"https:\/\/aja.pt\/en\/wp-json\/wp\/v2\/tags?post=40811"}],"curies":[{"name":"wp","href":"https:\/\/api.w.org\/{rel}","templated":true}]}}