{"id":40726,"date":"2022-11-17T15:23:06","date_gmt":"2022-11-17T15:23:06","guid":{"rendered":"https:\/\/aja.pt\/?p=40726"},"modified":"2022-11-17T15:23:10","modified_gmt":"2022-11-17T15:23:10","slug":"concerto-de-aniversario","status":"publish","type":"post","link":"https:\/\/aja.pt\/en\/concerto-de-aniversario\/","title":{"rendered":"Concerto de anivers\u00e1rio"},"content":{"rendered":"\n<p>No seu 35.\u00ba anivers\u00e1rio, a Associa\u00e7\u00e3o Jos\u00e9 Afonso (AJA) realiza um concerto especial, com Brigada Victor Jara, Miguel Calhaz, Mo\u00e7oilas e Janita Salom\u00e9. <br>O t\u00edtulo do espet\u00e1culo dispensa clarifica\u00e7\u00f5es: &#8220;A M\u00fasica Tradicional Portuguesa na Obra de Zeca Afonso&#8221; estar\u00e1 em evid\u00eancia no F\u00f3rum Roma, em Lisboa, pelas 16h do pr\u00f3ximo s\u00e1bado (19 novembro).<\/p>\n\n\n\n<p>Manuel Rocha, m\u00fasico da Brigada Victor Jara e representante da Associa\u00e7\u00e3o Jos\u00e9 Afonso, apresentou o concerto na <a href=\"https:\/\/www.facebook.com\/antena1\/?__cft__[0]=AZW2Pqf6wyVvQGYGAkwEqJKP03ZUL_vdIbUg9CcHvGnwPHG7bg-f3jr34n728vaiGdha3cBVysQbNgqZ1-VJmkbKtZpLAwQ6lAFWkTcqZcjdMAJhljvapbY7hJ_lKY0YTWH4Go4G7lh-38XheBfJfm2IaN0QI7iEEa8UTiFwRvdGQzTT5cRtshvQiZ24zhZk2eU&amp;__tn__=kK-R\">Antena1<\/a>. <\/p>\n\n\n\n<p>Ou\u00e7a a conversa com M\u00f3nica Mendes, retirada do Programa da Manh\u00e3, aqui: <a rel=\"noreferrer noopener\" href=\"https:\/\/l.facebook.com\/l.php?u=https%3A%2F%2Fbit.ly%2F2OvuecE%3Ffbclid%3DIwAR1teFFE0cZnipxd5j7F-Idh6mJmwVcSwl8wpu-ZXRkGvGFGbQyP6nnAjuI&amp;h=AT2_SJTVIGcuS01qeHX1XKYqDayys8REbcP0sHII1yacnygb6porlbdFpsL6qcczdeetGpYQgZA_iAVvQmpYl1jmym4pELEPo2BuC8aUzN6Xjb_8_ZdaxewyjPiwZaH23G4w&amp;__tn__=-UK-R&amp;c[0]=AT0I53jeUlc5yUUx4YQ4FITm8Y90w6uyNEqtxaSaw_Z1fec_No85U4bEZhSZ5QCC7JKgKfR6wolSFotvMZ9tGg6tOLrqQnyH0sMxBB4cVAKw2ZPdDbTpT2p-3XuEF_Is_bA7jiYdQMDNnxb9x_ITmeTUkqxp7WbXSGcTmzZ_T_JRwGrAlaSUwnO1vv6qqK38pdIq9jdfhYef\" target=\"_blank\">bit.ly\/2OvuecE<\/a><\/p>\n\n\n\n<figure class=\"wp-block-image size-large\"><img loading=\"lazy\" width=\"1024\" height=\"683\" src=\"https:\/\/aja.pt\/wp-content\/uploads\/2022\/11\/Antena-1024x683.jpg\" alt=\"\" class=\"wp-image-40727\" srcset=\"https:\/\/aja.pt\/wp-content\/uploads\/2022\/11\/Antena-1024x683.jpg 1024w, https:\/\/aja.pt\/wp-content\/uploads\/2022\/11\/Antena-300x200.jpg 300w, https:\/\/aja.pt\/wp-content\/uploads\/2022\/11\/Antena-768x512.jpg 768w, https:\/\/aja.pt\/wp-content\/uploads\/2022\/11\/Antena-1140x760.jpg 1140w, https:\/\/aja.pt\/wp-content\/uploads\/2022\/11\/Antena.jpg 1500w\" sizes=\"(max-width: 1024px) 100vw, 1024px\" \/><\/figure>\n","protected":false},"excerpt":{"rendered":"<p>No seu 35.\u00ba anivers\u00e1rio, a Associa\u00e7\u00e3o Jos\u00e9 Afonso (AJA) realiza um concerto especial, com Brigada Victor Jara, Miguel Calhaz, Mo\u00e7oilas e Janita Salom\u00e9. O t\u00edtulo do espet\u00e1culo dispensa clarifica\u00e7\u00f5es: &#8220;A M\u00fasica Tradicional Portuguesa na Obra de Zeca Afonso&#8221; estar\u00e1 em evid\u00eancia no F\u00f3rum Roma, em Lisboa, pelas 16h do pr\u00f3ximo s\u00e1bado (19 novembro). Manuel Rocha, [&hellip;]<\/p>\n","protected":false},"author":3,"featured_media":40727,"comment_status":"open","ping_status":"open","sticky":false,"template":"","format":"standard","meta":[],"categories":[59],"tags":[],"_links":{"self":[{"href":"https:\/\/aja.pt\/en\/wp-json\/wp\/v2\/posts\/40726"}],"collection":[{"href":"https:\/\/aja.pt\/en\/wp-json\/wp\/v2\/posts"}],"about":[{"href":"https:\/\/aja.pt\/en\/wp-json\/wp\/v2\/types\/post"}],"author":[{"embeddable":true,"href":"https:\/\/aja.pt\/en\/wp-json\/wp\/v2\/users\/3"}],"replies":[{"embeddable":true,"href":"https:\/\/aja.pt\/en\/wp-json\/wp\/v2\/comments?post=40726"}],"version-history":[{"count":1,"href":"https:\/\/aja.pt\/en\/wp-json\/wp\/v2\/posts\/40726\/revisions"}],"predecessor-version":[{"id":40729,"href":"https:\/\/aja.pt\/en\/wp-json\/wp\/v2\/posts\/40726\/revisions\/40729"}],"wp:featuredmedia":[{"embeddable":true,"href":"https:\/\/aja.pt\/en\/wp-json\/wp\/v2\/media\/40727"}],"wp:attachment":[{"href":"https:\/\/aja.pt\/en\/wp-json\/wp\/v2\/media?parent=40726"}],"wp:term":[{"taxonomy":"category","embeddable":true,"href":"https:\/\/aja.pt\/en\/wp-json\/wp\/v2\/categories?post=40726"},{"taxonomy":"post_tag","embeddable":true,"href":"https:\/\/aja.pt\/en\/wp-json\/wp\/v2\/tags?post=40726"}],"curies":[{"name":"wp","href":"https:\/\/api.w.org\/{rel}","templated":true}]}}